{"id":616,"date":"2022-05-20T17:25:14","date_gmt":"2022-05-20T14:25:14","guid":{"rendered":"https:\/\/art.if.com.tr\/?p=616"},"modified":"2022-06-25T09:39:10","modified_gmt":"2022-06-25T06:39:10","slug":"vedat-o%cc%88zcan-metal-gravu%cc%88r-31x35-1","status":"publish","type":"post","link":"https:\/\/art.if.com.tr\/?p=616","title":{"rendered":"123- Vedat O\u0308zcan Metal Gravu\u0308r 31&#215;35 1"},"content":{"rendered":"<p><img decoding=\"async\" src=\"http:\/\/art.if.com.tr\/wp-content\/uploads\/2022\/05\/Vedat-O\u0308zcan-Metal-Gravu\u0308r-31x35-1-1024x907.jpeg\" alt=\"Vedat O\u0308zcan Metal Gravu\u0308r 31x35 1\"\/><\/p>\n","protected":false},"excerpt":{"rendered":"","protected":false},"author":1,"featured_media":613,"comment_status":"closed","ping_status":"closed","sticky":false,"template":"","format":"standard","meta":{"footnotes":""},"categories":[78,75,144,83,84,79,145,122,151,82],"tags":[154,153],"class_list":["post-616","post","type-post","status-publish","format-standard","has-post-thumbnail","hentry","category-eser","category-eserler","category-mense","category-ofis","category-ofissalon","category-tablo","category-turkiye","category-v","category-vedat-ozcan","category-yerleske","tag-gravur","tag-metal"],"yoast_head":"<!-- This site is optimized with the Yoast SEO plugin v27.5 - https:\/\/yoast.com\/product\/yoast-seo-wordpress\/ -->\n<title>123- Vedat O\u0308zcan Metal Gravu\u0308r 31x35 1 - Emel - Orhan Karado\u011fan Koleksiyonu<\/title>\n<meta name=\"robots\" content=\"index, follow, max-snippet:-1, max-image-preview:large, max-video-preview:-1\" \/>\n<link rel=\"canonical\" href=\"https:\/\/art.if.com.tr\/?p=616\" \/>\n<meta property=\"og:locale\" content=\"tr_TR\" \/>\n<meta property=\"og:type\" content=\"article\" \/>\n<meta property=\"og:title\" content=\"123- Vedat O\u0308zcan Metal Gravu\u0308r 31x35 1 - Emel - Orhan Karado\u011fan Koleksiyonu\" \/>\n<meta property=\"og:url\" content=\"https:\/\/art.if.com.tr\/?p=616\" \/>\n<meta property=\"og:site_name\" content=\"Emel - Orhan Karado\u011fan Koleksiyonu\" \/>\n<meta property=\"article:published_time\" content=\"2022-05-20T14:25:14+00:00\" \/>\n<meta property=\"article:modified_time\" content=\"2022-06-25T06:39:10+00:00\" \/>\n<meta property=\"og:image\" content=\"https:\/\/art.if.com.tr\/wp-content\/uploads\/2022\/05\/Vedat-O\u0308zcan-Metal-Gravu\u0308r-31x35-1.jpeg\" \/>\n\t<meta property=\"og:image:width\" content=\"1600\" \/>\n\t<meta property=\"og:image:height\" content=\"1417\" \/>\n\t<meta property=\"og:image:type\" content=\"image\/jpeg\" \/>\n<meta name=\"author\" content=\"artifcomtr\" \/>\n<meta name=\"twitter:card\" content=\"summary_large_image\" \/>\n<meta name=\"twitter:label1\" content=\"Yazan:\" \/>\n\t<meta name=\"twitter:data1\" content=\"artifcomtr\" \/>\n<script type=\"application\/ld+json\" class=\"yoast-schema-graph\">{\"@context\":\"https:\\\/\\\/schema.org\",\"@graph\":[{\"@type\":\"Article\",\"@id\":\"https:\\\/\\\/art.if.com.tr\\\/?p=616#article\",\"isPartOf\":{\"@id\":\"https:\\\/\\\/art.if.com.tr\\\/?p=616\"},\"author\":{\"name\":\"artifcomtr\",\"@id\":\"https:\\\/\\\/art.if.com.tr\\\/#\\\/schema\\\/person\\\/c237745ac4bb942c37ca120be6e48920\"},\"headline\":\"123- Vedat O\u0308zcan Metal Gravu\u0308r 31&#215;35 1\",\"datePublished\":\"2022-05-20T14:25:14+00:00\",\"dateModified\":\"2022-06-25T06:39:10+00:00\",\"mainEntityOfPage\":{\"@id\":\"https:\\\/\\\/art.if.com.tr\\\/?p=616\"},\"wordCount\":8,\"publisher\":{\"@id\":\"https:\\\/\\\/art.if.com.tr\\\/#organization\"},\"image\":{\"@id\":\"https:\\\/\\\/art.if.com.tr\\\/?p=616#primaryimage\"},\"thumbnailUrl\":\"https:\\\/\\\/art.if.com.tr\\\/wp-content\\\/uploads\\\/2022\\\/05\\\/Vedat-O\u0308zcan-Metal-Gravu\u0308r-31x35-1.jpeg\",\"keywords\":[\"Grav\u00fcr\",\"Metal\"],\"articleSection\":[\"Eser Tipi\",\"Eserler\",\"Men\u015fe\",\"Ofis\",\"Salon\",\"Tablo\",\"T\u00fcrkiye\",\"V\",\"Vedat \u00d6zcan\",\"Yerle\u015fke\"],\"inLanguage\":\"tr\"},{\"@type\":\"WebPage\",\"@id\":\"https:\\\/\\\/art.if.com.tr\\\/?p=616\",\"url\":\"https:\\\/\\\/art.if.com.tr\\\/?p=616\",\"name\":\"123- Vedat O\u0308zcan Metal Gravu\u0308r 31x35 1 - Emel - Orhan Karado\u011fan Koleksiyonu\",\"isPartOf\":{\"@id\":\"https:\\\/\\\/art.if.com.tr\\\/#website\"},\"primaryImageOfPage\":{\"@id\":\"https:\\\/\\\/art.if.com.tr\\\/?p=616#primaryimage\"},\"image\":{\"@id\":\"https:\\\/\\\/art.if.com.tr\\\/?p=616#primaryimage\"},\"thumbnailUrl\":\"https:\\\/\\\/art.if.com.tr\\\/wp-content\\\/uploads\\\/2022\\\/05\\\/Vedat-O\u0308zcan-Metal-Gravu\u0308r-31x35-1.jpeg\",\"datePublished\":\"2022-05-20T14:25:14+00:00\",\"dateModified\":\"2022-06-25T06:39:10+00:00\",\"breadcrumb\":{\"@id\":\"https:\\\/\\\/art.if.com.tr\\\/?p=616#breadcrumb\"},\"inLanguage\":\"tr\",\"potentialAction\":[{\"@type\":\"ReadAction\",\"target\":[\"https:\\\/\\\/art.if.com.tr\\\/?p=616\"]}]},{\"@type\":\"ImageObject\",\"inLanguage\":\"tr\",\"@id\":\"https:\\\/\\\/art.if.com.tr\\\/?p=616#primaryimage\",\"url\":\"https:\\\/\\\/art.if.com.tr\\\/wp-content\\\/uploads\\\/2022\\\/05\\\/Vedat-O\u0308zcan-Metal-Gravu\u0308r-31x35-1.jpeg\",\"contentUrl\":\"https:\\\/\\\/art.if.com.tr\\\/wp-content\\\/uploads\\\/2022\\\/05\\\/Vedat-O\u0308zcan-Metal-Gravu\u0308r-31x35-1.jpeg\",\"width\":1600,\"height\":1417},{\"@type\":\"BreadcrumbList\",\"@id\":\"https:\\\/\\\/art.if.com.tr\\\/?p=616#breadcrumb\",\"itemListElement\":[{\"@type\":\"ListItem\",\"position\":1,\"name\":\"Anasayfa\",\"item\":\"https:\\\/\\\/art.if.com.tr\\\/\"},{\"@type\":\"ListItem\",\"position\":2,\"name\":\"123- Vedat O\u0308zcan Metal Gravu\u0308r 31&#215;35 1\"}]},{\"@type\":\"WebSite\",\"@id\":\"https:\\\/\\\/art.if.com.tr\\\/#website\",\"url\":\"https:\\\/\\\/art.if.com.tr\\\/\",\"name\":\"Emel - Orhan Karado\u011fan Koleksiyonu\",\"description\":\"\",\"publisher\":{\"@id\":\"https:\\\/\\\/art.if.com.tr\\\/#organization\"},\"potentialAction\":[{\"@type\":\"SearchAction\",\"target\":{\"@type\":\"EntryPoint\",\"urlTemplate\":\"https:\\\/\\\/art.if.com.tr\\\/?s={search_term_string}\"},\"query-input\":{\"@type\":\"PropertyValueSpecification\",\"valueRequired\":true,\"valueName\":\"search_term_string\"}}],\"inLanguage\":\"tr\"},{\"@type\":\"Organization\",\"@id\":\"https:\\\/\\\/art.if.com.tr\\\/#organization\",\"name\":\"Emel - Orhan Karado\u011fan Koleksiyonu\",\"url\":\"https:\\\/\\\/art.if.com.tr\\\/\",\"logo\":{\"@type\":\"ImageObject\",\"inLanguage\":\"tr\",\"@id\":\"https:\\\/\\\/art.if.com.tr\\\/#\\\/schema\\\/logo\\\/image\\\/\",\"url\":\"https:\\\/\\\/art.if.com.tr\\\/wp-content\\\/uploads\\\/2022\\\/07\\\/150x150-iF-Art-logo-e1658997012336.png\",\"contentUrl\":\"https:\\\/\\\/art.if.com.tr\\\/wp-content\\\/uploads\\\/2022\\\/07\\\/150x150-iF-Art-logo-e1658997012336.png\",\"width\":150,\"height\":118,\"caption\":\"Emel - Orhan Karado\u011fan Koleksiyonu\"},\"image\":{\"@id\":\"https:\\\/\\\/art.if.com.tr\\\/#\\\/schema\\\/logo\\\/image\\\/\"}},{\"@type\":\"Person\",\"@id\":\"https:\\\/\\\/art.if.com.tr\\\/#\\\/schema\\\/person\\\/c237745ac4bb942c37ca120be6e48920\",\"name\":\"artifcomtr\",\"url\":\"https:\\\/\\\/art.if.com.tr\\\/?author=1\"}]}<\/script>\n<!-- \/ Yoast SEO plugin. -->","yoast_head_json":{"title":"123- Vedat O\u0308zcan Metal Gravu\u0308r 31x35 1 - Emel - Orhan Karado\u011fan Koleksiyonu","robots":{"index":"index","follow":"follow","max-snippet":"max-snippet:-1","max-image-preview":"max-image-preview:large","max-video-preview":"max-video-preview:-1"},"canonical":"https:\/\/art.if.com.tr\/?p=616","og_locale":"tr_TR","og_type":"article","og_title":"123- Vedat O\u0308zcan Metal Gravu\u0308r 31x35 1 - Emel - Orhan Karado\u011fan Koleksiyonu","og_url":"https:\/\/art.if.com.tr\/?p=616","og_site_name":"Emel - Orhan Karado\u011fan Koleksiyonu","article_published_time":"2022-05-20T14:25:14+00:00","article_modified_time":"2022-06-25T06:39:10+00:00","og_image":[{"width":1600,"height":1417,"url":"https:\/\/art.if.com.tr\/wp-content\/uploads\/2022\/05\/Vedat-O\u0308zcan-Metal-Gravu\u0308r-31x35-1.jpeg","type":"image\/jpeg"}],"author":"artifcomtr","twitter_card":"summary_large_image","twitter_misc":{"Yazan:":"artifcomtr"},"schema":{"@context":"https:\/\/schema.org","@graph":[{"@type":"Article","@id":"https:\/\/art.if.com.tr\/?p=616#article","isPartOf":{"@id":"https:\/\/art.if.com.tr\/?p=616"},"author":{"name":"artifcomtr","@id":"https:\/\/art.if.com.tr\/#\/schema\/person\/c237745ac4bb942c37ca120be6e48920"},"headline":"123- Vedat O\u0308zcan Metal Gravu\u0308r 31&#215;35 1","datePublished":"2022-05-20T14:25:14+00:00","dateModified":"2022-06-25T06:39:10+00:00","mainEntityOfPage":{"@id":"https:\/\/art.if.com.tr\/?p=616"},"wordCount":8,"publisher":{"@id":"https:\/\/art.if.com.tr\/#organization"},"image":{"@id":"https:\/\/art.if.com.tr\/?p=616#primaryimage"},"thumbnailUrl":"https:\/\/art.if.com.tr\/wp-content\/uploads\/2022\/05\/Vedat-O\u0308zcan-Metal-Gravu\u0308r-31x35-1.jpeg","keywords":["Grav\u00fcr","Metal"],"articleSection":["Eser Tipi","Eserler","Men\u015fe","Ofis","Salon","Tablo","T\u00fcrkiye","V","Vedat \u00d6zcan","Yerle\u015fke"],"inLanguage":"tr"},{"@type":"WebPage","@id":"https:\/\/art.if.com.tr\/?p=616","url":"https:\/\/art.if.com.tr\/?p=616","name":"123- Vedat O\u0308zcan Metal Gravu\u0308r 31x35 1 - Emel - Orhan Karado\u011fan Koleksiyonu","isPartOf":{"@id":"https:\/\/art.if.com.tr\/#website"},"primaryImageOfPage":{"@id":"https:\/\/art.if.com.tr\/?p=616#primaryimage"},"image":{"@id":"https:\/\/art.if.com.tr\/?p=616#primaryimage"},"thumbnailUrl":"https:\/\/art.if.com.tr\/wp-content\/uploads\/2022\/05\/Vedat-O\u0308zcan-Metal-Gravu\u0308r-31x35-1.jpeg","datePublished":"2022-05-20T14:25:14+00:00","dateModified":"2022-06-25T06:39:10+00:00","breadcrumb":{"@id":"https:\/\/art.if.com.tr\/?p=616#breadcrumb"},"inLanguage":"tr","potentialAction":[{"@type":"ReadAction","target":["https:\/\/art.if.com.tr\/?p=616"]}]},{"@type":"ImageObject","inLanguage":"tr","@id":"https:\/\/art.if.com.tr\/?p=616#primaryimage","url":"https:\/\/art.if.com.tr\/wp-content\/uploads\/2022\/05\/Vedat-O\u0308zcan-Metal-Gravu\u0308r-31x35-1.jpeg","contentUrl":"https:\/\/art.if.com.tr\/wp-content\/uploads\/2022\/05\/Vedat-O\u0308zcan-Metal-Gravu\u0308r-31x35-1.jpeg","width":1600,"height":1417},{"@type":"BreadcrumbList","@id":"https:\/\/art.if.com.tr\/?p=616#breadcrumb","itemListElement":[{"@type":"ListItem","position":1,"name":"Anasayfa","item":"https:\/\/art.if.com.tr\/"},{"@type":"ListItem","position":2,"name":"123- Vedat O\u0308zcan Metal Gravu\u0308r 31&#215;35 1"}]},{"@type":"WebSite","@id":"https:\/\/art.if.com.tr\/#website","url":"https:\/\/art.if.com.tr\/","name":"Emel - Orhan Karado\u011fan Koleksiyonu","description":"","publisher":{"@id":"https:\/\/art.if.com.tr\/#organization"},"potentialAction":[{"@type":"SearchAction","target":{"@type":"EntryPoint","urlTemplate":"https:\/\/art.if.com.tr\/?s={search_term_string}"},"query-input":{"@type":"PropertyValueSpecification","valueRequired":true,"valueName":"search_term_string"}}],"inLanguage":"tr"},{"@type":"Organization","@id":"https:\/\/art.if.com.tr\/#organization","name":"Emel - Orhan Karado\u011fan Koleksiyonu","url":"https:\/\/art.if.com.tr\/","logo":{"@type":"ImageObject","inLanguage":"tr","@id":"https:\/\/art.if.com.tr\/#\/schema\/logo\/image\/","url":"https:\/\/art.if.com.tr\/wp-content\/uploads\/2022\/07\/150x150-iF-Art-logo-e1658997012336.png","contentUrl":"https:\/\/art.if.com.tr\/wp-content\/uploads\/2022\/07\/150x150-iF-Art-logo-e1658997012336.png","width":150,"height":118,"caption":"Emel - Orhan Karado\u011fan Koleksiyonu"},"image":{"@id":"https:\/\/art.if.com.tr\/#\/schema\/logo\/image\/"}},{"@type":"Person","@id":"https:\/\/art.if.com.tr\/#\/schema\/person\/c237745ac4bb942c37ca120be6e48920","name":"artifcomtr","url":"https:\/\/art.if.com.tr\/?author=1"}]}},"_links":{"self":[{"href":"https:\/\/art.if.com.tr\/index.php?rest_route=\/wp\/v2\/posts\/616","targetHints":{"allow":["GET"]}}],"collection":[{"href":"https:\/\/art.if.com.tr\/index.php?rest_route=\/wp\/v2\/posts"}],"about":[{"href":"https:\/\/art.if.com.tr\/index.php?rest_route=\/wp\/v2\/types\/post"}],"author":[{"embeddable":true,"href":"https:\/\/art.if.com.tr\/index.php?rest_route=\/wp\/v2\/users\/1"}],"replies":[{"embeddable":true,"href":"https:\/\/art.if.com.tr\/index.php?rest_route=%2Fwp%2Fv2%2Fcomments&post=616"}],"version-history":[{"count":1,"href":"https:\/\/art.if.com.tr\/index.php?rest_route=\/wp\/v2\/posts\/616\/revisions"}],"predecessor-version":[{"id":21332,"href":"https:\/\/art.if.com.tr\/index.php?rest_route=\/wp\/v2\/posts\/616\/revisions\/21332"}],"wp:featuredmedia":[{"embeddable":true,"href":"https:\/\/art.if.com.tr\/index.php?rest_route=\/wp\/v2\/media\/613"}],"wp:attachment":[{"href":"https:\/\/art.if.com.tr\/index.php?rest_route=%2Fwp%2Fv2%2Fmedia&parent=616"}],"wp:term":[{"taxonomy":"category","embeddable":true,"href":"https:\/\/art.if.com.tr\/index.php?rest_route=%2Fwp%2Fv2%2Fcategories&post=616"},{"taxonomy":"post_tag","embeddable":true,"href":"https:\/\/art.if.com.tr\/index.php?rest_route=%2Fwp%2Fv2%2Ftags&post=616"}],"curies":[{"name":"wp","href":"https:\/\/api.w.org\/{rel}","templated":true}]}}