{"id":26001,"date":"2025-10-20T19:44:41","date_gmt":"2025-10-20T16:44:41","guid":{"rendered":"https:\/\/art.if.com.tr\/?p=26001"},"modified":"2025-10-20T19:48:01","modified_gmt":"2025-10-20T16:48:01","slug":"asuman-unlu-tual-akrilik-3030-2","status":"publish","type":"post","link":"https:\/\/art.if.com.tr\/?p=26001","title":{"rendered":"Asuman \u00dcnl\u00fc Tual Akrilik 30&#215;30 (2)"},"content":{"rendered":"<p><img decoding=\"async\" src=\"https:\/\/art.if.com.tr\/wp-content\/uploads\/2025\/10\/Asuman-Unlu-Tual-Akrilik-30x30-2-1024x1018.jpg\" alt=\"Asuman \u00dcnl\u00fc Tual Akrilik 30&#215;30 (2)\"\/><\/p>\n","protected":false},"excerpt":{"rendered":"","protected":false},"author":1,"featured_media":25998,"comment_status":"closed","ping_status":"","sticky":false,"template":"","format":"standard","meta":{"footnotes":""},"categories":[2,24,418,78,75,144,79,145,82],"tags":[15,10],"class_list":["post-26001","post","type-post","status-publish","format-standard","has-post-thumbnail","hentry","category-a","category-asuman-unlu","category-bodrum","category-eser","category-eserler","category-mense","category-tablo","category-turkiye","category-yerleske","tag-akrilik","tag-tual"],"yoast_head":"<!-- This site is optimized with the Yoast SEO plugin v27.5 - https:\/\/yoast.com\/product\/yoast-seo-wordpress\/ -->\n<title>Asuman \u00dcnl\u00fc Tual Akrilik 30&#215;30 (2) - Emel - Orhan Karado\u011fan Koleksiyonu<\/title>\n<meta name=\"robots\" content=\"index, follow, max-snippet:-1, max-image-preview:large, max-video-preview:-1\" \/>\n<link rel=\"canonical\" href=\"https:\/\/art.if.com.tr\/?p=26001\" \/>\n<meta property=\"og:locale\" content=\"tr_TR\" \/>\n<meta property=\"og:type\" content=\"article\" \/>\n<meta property=\"og:title\" content=\"Asuman \u00dcnl\u00fc Tual Akrilik 30&#215;30 (2) - Emel - Orhan Karado\u011fan Koleksiyonu\" \/>\n<meta property=\"og:url\" content=\"https:\/\/art.if.com.tr\/?p=26001\" \/>\n<meta property=\"og:site_name\" content=\"Emel - Orhan Karado\u011fan Koleksiyonu\" \/>\n<meta property=\"article:published_time\" content=\"2025-10-20T16:44:41+00:00\" \/>\n<meta property=\"article:modified_time\" content=\"2025-10-20T16:48:01+00:00\" \/>\n<meta property=\"og:image\" content=\"https:\/\/art.if.com.tr\/wp-content\/uploads\/2025\/10\/Asuman-Unlu-Tual-Akrilik-30x30-2.jpg\" \/>\n\t<meta property=\"og:image:width\" content=\"2048\" \/>\n\t<meta property=\"og:image:height\" content=\"2035\" \/>\n\t<meta property=\"og:image:type\" content=\"image\/jpeg\" \/>\n<meta name=\"author\" content=\"artifcomtr\" \/>\n<meta name=\"twitter:card\" content=\"summary_large_image\" \/>\n<meta name=\"twitter:label1\" content=\"Yazan:\" \/>\n\t<meta name=\"twitter:data1\" content=\"artifcomtr\" \/>\n<script type=\"application\/ld+json\" class=\"yoast-schema-graph\">{\"@context\":\"https:\\\/\\\/schema.org\",\"@graph\":[{\"@type\":\"Article\",\"@id\":\"https:\\\/\\\/art.if.com.tr\\\/?p=26001#article\",\"isPartOf\":{\"@id\":\"https:\\\/\\\/art.if.com.tr\\\/?p=26001\"},\"author\":{\"name\":\"artifcomtr\",\"@id\":\"https:\\\/\\\/art.if.com.tr\\\/#\\\/schema\\\/person\\\/c237745ac4bb942c37ca120be6e48920\"},\"headline\":\"Asuman \u00dcnl\u00fc Tual Akrilik 30&#215;30 (2)\",\"datePublished\":\"2025-10-20T16:44:41+00:00\",\"dateModified\":\"2025-10-20T16:48:01+00:00\",\"mainEntityOfPage\":{\"@id\":\"https:\\\/\\\/art.if.com.tr\\\/?p=26001\"},\"wordCount\":4,\"publisher\":{\"@id\":\"https:\\\/\\\/art.if.com.tr\\\/#organization\"},\"image\":{\"@id\":\"https:\\\/\\\/art.if.com.tr\\\/?p=26001#primaryimage\"},\"thumbnailUrl\":\"https:\\\/\\\/art.if.com.tr\\\/wp-content\\\/uploads\\\/2025\\\/10\\\/Asuman-Unlu-Tual-Akrilik-30x30-2.jpg\",\"keywords\":[\"Akrilik\",\"Tual\"],\"articleSection\":[\"A\",\"Asuman \u00dcnl\u00fc\",\"Bodrum\",\"Eser Tipi\",\"Eserler\",\"Men\u015fe\",\"Tablo\",\"T\u00fcrkiye\",\"Yerle\u015fke\"],\"inLanguage\":\"tr\"},{\"@type\":\"WebPage\",\"@id\":\"https:\\\/\\\/art.if.com.tr\\\/?p=26001\",\"url\":\"https:\\\/\\\/art.if.com.tr\\\/?p=26001\",\"name\":\"Asuman \u00dcnl\u00fc Tual Akrilik 30&#215;30 (2) - Emel - Orhan Karado\u011fan Koleksiyonu\",\"isPartOf\":{\"@id\":\"https:\\\/\\\/art.if.com.tr\\\/#website\"},\"primaryImageOfPage\":{\"@id\":\"https:\\\/\\\/art.if.com.tr\\\/?p=26001#primaryimage\"},\"image\":{\"@id\":\"https:\\\/\\\/art.if.com.tr\\\/?p=26001#primaryimage\"},\"thumbnailUrl\":\"https:\\\/\\\/art.if.com.tr\\\/wp-content\\\/uploads\\\/2025\\\/10\\\/Asuman-Unlu-Tual-Akrilik-30x30-2.jpg\",\"datePublished\":\"2025-10-20T16:44:41+00:00\",\"dateModified\":\"2025-10-20T16:48:01+00:00\",\"breadcrumb\":{\"@id\":\"https:\\\/\\\/art.if.com.tr\\\/?p=26001#breadcrumb\"},\"inLanguage\":\"tr\",\"potentialAction\":[{\"@type\":\"ReadAction\",\"target\":[\"https:\\\/\\\/art.if.com.tr\\\/?p=26001\"]}]},{\"@type\":\"ImageObject\",\"inLanguage\":\"tr\",\"@id\":\"https:\\\/\\\/art.if.com.tr\\\/?p=26001#primaryimage\",\"url\":\"https:\\\/\\\/art.if.com.tr\\\/wp-content\\\/uploads\\\/2025\\\/10\\\/Asuman-Unlu-Tual-Akrilik-30x30-2.jpg\",\"contentUrl\":\"https:\\\/\\\/art.if.com.tr\\\/wp-content\\\/uploads\\\/2025\\\/10\\\/Asuman-Unlu-Tual-Akrilik-30x30-2.jpg\",\"width\":2048,\"height\":2035},{\"@type\":\"BreadcrumbList\",\"@id\":\"https:\\\/\\\/art.if.com.tr\\\/?p=26001#breadcrumb\",\"itemListElement\":[{\"@type\":\"ListItem\",\"position\":1,\"name\":\"Anasayfa\",\"item\":\"https:\\\/\\\/art.if.com.tr\\\/\"},{\"@type\":\"ListItem\",\"position\":2,\"name\":\"Asuman \u00dcnl\u00fc Tual Akrilik 30&#215;30 (2)\"}]},{\"@type\":\"WebSite\",\"@id\":\"https:\\\/\\\/art.if.com.tr\\\/#website\",\"url\":\"https:\\\/\\\/art.if.com.tr\\\/\",\"name\":\"Emel - Orhan Karado\u011fan Koleksiyonu\",\"description\":\"\",\"publisher\":{\"@id\":\"https:\\\/\\\/art.if.com.tr\\\/#organization\"},\"potentialAction\":[{\"@type\":\"SearchAction\",\"target\":{\"@type\":\"EntryPoint\",\"urlTemplate\":\"https:\\\/\\\/art.if.com.tr\\\/?s={search_term_string}\"},\"query-input\":{\"@type\":\"PropertyValueSpecification\",\"valueRequired\":true,\"valueName\":\"search_term_string\"}}],\"inLanguage\":\"tr\"},{\"@type\":\"Organization\",\"@id\":\"https:\\\/\\\/art.if.com.tr\\\/#organization\",\"name\":\"Emel - Orhan Karado\u011fan Koleksiyonu\",\"url\":\"https:\\\/\\\/art.if.com.tr\\\/\",\"logo\":{\"@type\":\"ImageObject\",\"inLanguage\":\"tr\",\"@id\":\"https:\\\/\\\/art.if.com.tr\\\/#\\\/schema\\\/logo\\\/image\\\/\",\"url\":\"https:\\\/\\\/art.if.com.tr\\\/wp-content\\\/uploads\\\/2022\\\/07\\\/150x150-iF-Art-logo-e1658997012336.png\",\"contentUrl\":\"https:\\\/\\\/art.if.com.tr\\\/wp-content\\\/uploads\\\/2022\\\/07\\\/150x150-iF-Art-logo-e1658997012336.png\",\"width\":150,\"height\":118,\"caption\":\"Emel - Orhan Karado\u011fan Koleksiyonu\"},\"image\":{\"@id\":\"https:\\\/\\\/art.if.com.tr\\\/#\\\/schema\\\/logo\\\/image\\\/\"}},{\"@type\":\"Person\",\"@id\":\"https:\\\/\\\/art.if.com.tr\\\/#\\\/schema\\\/person\\\/c237745ac4bb942c37ca120be6e48920\",\"name\":\"artifcomtr\",\"url\":\"https:\\\/\\\/art.if.com.tr\\\/?author=1\"}]}<\/script>\n<!-- \/ Yoast SEO plugin. -->","yoast_head_json":{"title":"Asuman \u00dcnl\u00fc Tual Akrilik 30&#215;30 (2) - Emel - Orhan Karado\u011fan Koleksiyonu","robots":{"index":"index","follow":"follow","max-snippet":"max-snippet:-1","max-image-preview":"max-image-preview:large","max-video-preview":"max-video-preview:-1"},"canonical":"https:\/\/art.if.com.tr\/?p=26001","og_locale":"tr_TR","og_type":"article","og_title":"Asuman \u00dcnl\u00fc Tual Akrilik 30&#215;30 (2) - Emel - Orhan Karado\u011fan Koleksiyonu","og_url":"https:\/\/art.if.com.tr\/?p=26001","og_site_name":"Emel - Orhan Karado\u011fan Koleksiyonu","article_published_time":"2025-10-20T16:44:41+00:00","article_modified_time":"2025-10-20T16:48:01+00:00","og_image":[{"width":2048,"height":2035,"url":"https:\/\/art.if.com.tr\/wp-content\/uploads\/2025\/10\/Asuman-Unlu-Tual-Akrilik-30x30-2.jpg","type":"image\/jpeg"}],"author":"artifcomtr","twitter_card":"summary_large_image","twitter_misc":{"Yazan:":"artifcomtr"},"schema":{"@context":"https:\/\/schema.org","@graph":[{"@type":"Article","@id":"https:\/\/art.if.com.tr\/?p=26001#article","isPartOf":{"@id":"https:\/\/art.if.com.tr\/?p=26001"},"author":{"name":"artifcomtr","@id":"https:\/\/art.if.com.tr\/#\/schema\/person\/c237745ac4bb942c37ca120be6e48920"},"headline":"Asuman \u00dcnl\u00fc Tual Akrilik 30&#215;30 (2)","datePublished":"2025-10-20T16:44:41+00:00","dateModified":"2025-10-20T16:48:01+00:00","mainEntityOfPage":{"@id":"https:\/\/art.if.com.tr\/?p=26001"},"wordCount":4,"publisher":{"@id":"https:\/\/art.if.com.tr\/#organization"},"image":{"@id":"https:\/\/art.if.com.tr\/?p=26001#primaryimage"},"thumbnailUrl":"https:\/\/art.if.com.tr\/wp-content\/uploads\/2025\/10\/Asuman-Unlu-Tual-Akrilik-30x30-2.jpg","keywords":["Akrilik","Tual"],"articleSection":["A","Asuman \u00dcnl\u00fc","Bodrum","Eser Tipi","Eserler","Men\u015fe","Tablo","T\u00fcrkiye","Yerle\u015fke"],"inLanguage":"tr"},{"@type":"WebPage","@id":"https:\/\/art.if.com.tr\/?p=26001","url":"https:\/\/art.if.com.tr\/?p=26001","name":"Asuman \u00dcnl\u00fc Tual Akrilik 30&#215;30 (2) - Emel - Orhan Karado\u011fan Koleksiyonu","isPartOf":{"@id":"https:\/\/art.if.com.tr\/#website"},"primaryImageOfPage":{"@id":"https:\/\/art.if.com.tr\/?p=26001#primaryimage"},"image":{"@id":"https:\/\/art.if.com.tr\/?p=26001#primaryimage"},"thumbnailUrl":"https:\/\/art.if.com.tr\/wp-content\/uploads\/2025\/10\/Asuman-Unlu-Tual-Akrilik-30x30-2.jpg","datePublished":"2025-10-20T16:44:41+00:00","dateModified":"2025-10-20T16:48:01+00:00","breadcrumb":{"@id":"https:\/\/art.if.com.tr\/?p=26001#breadcrumb"},"inLanguage":"tr","potentialAction":[{"@type":"ReadAction","target":["https:\/\/art.if.com.tr\/?p=26001"]}]},{"@type":"ImageObject","inLanguage":"tr","@id":"https:\/\/art.if.com.tr\/?p=26001#primaryimage","url":"https:\/\/art.if.com.tr\/wp-content\/uploads\/2025\/10\/Asuman-Unlu-Tual-Akrilik-30x30-2.jpg","contentUrl":"https:\/\/art.if.com.tr\/wp-content\/uploads\/2025\/10\/Asuman-Unlu-Tual-Akrilik-30x30-2.jpg","width":2048,"height":2035},{"@type":"BreadcrumbList","@id":"https:\/\/art.if.com.tr\/?p=26001#breadcrumb","itemListElement":[{"@type":"ListItem","position":1,"name":"Anasayfa","item":"https:\/\/art.if.com.tr\/"},{"@type":"ListItem","position":2,"name":"Asuman \u00dcnl\u00fc Tual Akrilik 30&#215;30 (2)"}]},{"@type":"WebSite","@id":"https:\/\/art.if.com.tr\/#website","url":"https:\/\/art.if.com.tr\/","name":"Emel - Orhan Karado\u011fan Koleksiyonu","description":"","publisher":{"@id":"https:\/\/art.if.com.tr\/#organization"},"potentialAction":[{"@type":"SearchAction","target":{"@type":"EntryPoint","urlTemplate":"https:\/\/art.if.com.tr\/?s={search_term_string}"},"query-input":{"@type":"PropertyValueSpecification","valueRequired":true,"valueName":"search_term_string"}}],"inLanguage":"tr"},{"@type":"Organization","@id":"https:\/\/art.if.com.tr\/#organization","name":"Emel - Orhan Karado\u011fan Koleksiyonu","url":"https:\/\/art.if.com.tr\/","logo":{"@type":"ImageObject","inLanguage":"tr","@id":"https:\/\/art.if.com.tr\/#\/schema\/logo\/image\/","url":"https:\/\/art.if.com.tr\/wp-content\/uploads\/2022\/07\/150x150-iF-Art-logo-e1658997012336.png","contentUrl":"https:\/\/art.if.com.tr\/wp-content\/uploads\/2022\/07\/150x150-iF-Art-logo-e1658997012336.png","width":150,"height":118,"caption":"Emel - Orhan Karado\u011fan Koleksiyonu"},"image":{"@id":"https:\/\/art.if.com.tr\/#\/schema\/logo\/image\/"}},{"@type":"Person","@id":"https:\/\/art.if.com.tr\/#\/schema\/person\/c237745ac4bb942c37ca120be6e48920","name":"artifcomtr","url":"https:\/\/art.if.com.tr\/?author=1"}]}},"_links":{"self":[{"href":"https:\/\/art.if.com.tr\/index.php?rest_route=\/wp\/v2\/posts\/26001","targetHints":{"allow":["GET"]}}],"collection":[{"href":"https:\/\/art.if.com.tr\/index.php?rest_route=\/wp\/v2\/posts"}],"about":[{"href":"https:\/\/art.if.com.tr\/index.php?rest_route=\/wp\/v2\/types\/post"}],"author":[{"embeddable":true,"href":"https:\/\/art.if.com.tr\/index.php?rest_route=\/wp\/v2\/users\/1"}],"replies":[{"embeddable":true,"href":"https:\/\/art.if.com.tr\/index.php?rest_route=%2Fwp%2Fv2%2Fcomments&post=26001"}],"version-history":[{"count":1,"href":"https:\/\/art.if.com.tr\/index.php?rest_route=\/wp\/v2\/posts\/26001\/revisions"}],"predecessor-version":[{"id":26017,"href":"https:\/\/art.if.com.tr\/index.php?rest_route=\/wp\/v2\/posts\/26001\/revisions\/26017"}],"wp:featuredmedia":[{"embeddable":true,"href":"https:\/\/art.if.com.tr\/index.php?rest_route=\/wp\/v2\/media\/25998"}],"wp:attachment":[{"href":"https:\/\/art.if.com.tr\/index.php?rest_route=%2Fwp%2Fv2%2Fmedia&parent=26001"}],"wp:term":[{"taxonomy":"category","embeddable":true,"href":"https:\/\/art.if.com.tr\/index.php?rest_route=%2Fwp%2Fv2%2Fcategories&post=26001"},{"taxonomy":"post_tag","embeddable":true,"href":"https:\/\/art.if.com.tr\/index.php?rest_route=%2Fwp%2Fv2%2Ftags&post=26001"}],"curies":[{"name":"wp","href":"https:\/\/api.w.org\/{rel}","templated":true}]}}