{"id":24838,"date":"2023-11-30T12:04:07","date_gmt":"2023-11-30T09:04:07","guid":{"rendered":"https:\/\/art.if.com.tr\/?p=24838"},"modified":"2023-11-30T12:04:07","modified_gmt":"2023-11-30T09:04:07","slug":"onder-ebru-eryucel","status":"publish","type":"post","link":"https:\/\/art.if.com.tr\/?p=24838","title":{"rendered":"\u00d6nder &#038; Ebru Ery\u00fccel"},"content":{"rendered":"<p><img decoding=\"async\" src=\"https:\/\/art.if.com.tr\/wp-content\/uploads\/2023\/11\/Onder-Ebru-Eryucel-1024x1024.jpg\" alt=\"\u00d6nder &#038; Ebru Ery\u00fccel\"\/><\/p>\n","protected":false},"excerpt":{"rendered":"","protected":false},"author":1,"featured_media":24836,"comment_status":"","ping_status":"","sticky":false,"template":"","format":"standard","meta":{"footnotes":""},"categories":[736,197],"tags":[],"class_list":["post-24838","post","type-post","status-publish","format-standard","has-post-thumbnail","hentry","category-o-o","category-sanatcilarla"],"yoast_head":"<!-- This site is optimized with the Yoast SEO plugin v27.5 - https:\/\/yoast.com\/product\/yoast-seo-wordpress\/ -->\n<title>\u00d6nder &#038; Ebru Ery\u00fccel - Emel - Orhan Karado\u011fan Koleksiyonu<\/title>\n<meta name=\"robots\" content=\"index, follow, max-snippet:-1, max-image-preview:large, max-video-preview:-1\" \/>\n<link rel=\"canonical\" href=\"https:\/\/art.if.com.tr\/?p=24838\" \/>\n<meta property=\"og:locale\" content=\"tr_TR\" \/>\n<meta property=\"og:type\" content=\"article\" \/>\n<meta property=\"og:title\" content=\"\u00d6nder &#038; Ebru Ery\u00fccel - Emel - Orhan Karado\u011fan Koleksiyonu\" \/>\n<meta property=\"og:url\" content=\"https:\/\/art.if.com.tr\/?p=24838\" \/>\n<meta property=\"og:site_name\" content=\"Emel - Orhan Karado\u011fan Koleksiyonu\" \/>\n<meta property=\"article:published_time\" content=\"2023-11-30T09:04:07+00:00\" \/>\n<meta property=\"og:image\" content=\"https:\/\/art.if.com.tr\/wp-content\/uploads\/2023\/11\/Onder-Ebru-Eryucel.jpg\" \/>\n\t<meta property=\"og:image:width\" content=\"1440\" \/>\n\t<meta property=\"og:image:height\" content=\"1440\" \/>\n\t<meta property=\"og:image:type\" content=\"image\/jpeg\" \/>\n<meta name=\"author\" content=\"artifcomtr\" \/>\n<meta name=\"twitter:card\" content=\"summary_large_image\" \/>\n<meta name=\"twitter:label1\" content=\"Yazan:\" \/>\n\t<meta name=\"twitter:data1\" content=\"artifcomtr\" \/>\n<script type=\"application\/ld+json\" class=\"yoast-schema-graph\">{\"@context\":\"https:\\\/\\\/schema.org\",\"@graph\":[{\"@type\":\"Article\",\"@id\":\"https:\\\/\\\/art.if.com.tr\\\/?p=24838#article\",\"isPartOf\":{\"@id\":\"https:\\\/\\\/art.if.com.tr\\\/?p=24838\"},\"author\":{\"name\":\"artifcomtr\",\"@id\":\"https:\\\/\\\/art.if.com.tr\\\/#\\\/schema\\\/person\\\/c237745ac4bb942c37ca120be6e48920\"},\"headline\":\"\u00d6nder &#038; Ebru Ery\u00fccel\",\"datePublished\":\"2023-11-30T09:04:07+00:00\",\"mainEntityOfPage\":{\"@id\":\"https:\\\/\\\/art.if.com.tr\\\/?p=24838\"},\"wordCount\":4,\"publisher\":{\"@id\":\"https:\\\/\\\/art.if.com.tr\\\/#organization\"},\"image\":{\"@id\":\"https:\\\/\\\/art.if.com.tr\\\/?p=24838#primaryimage\"},\"thumbnailUrl\":\"https:\\\/\\\/art.if.com.tr\\\/wp-content\\\/uploads\\\/2023\\\/11\\\/Onder-Ebru-Eryucel.jpg\",\"articleSection\":[\"O-\u00d6\",\"Sanat\u00e7\u0131larla\"],\"inLanguage\":\"tr\"},{\"@type\":\"WebPage\",\"@id\":\"https:\\\/\\\/art.if.com.tr\\\/?p=24838\",\"url\":\"https:\\\/\\\/art.if.com.tr\\\/?p=24838\",\"name\":\"\u00d6nder &#038; Ebru Ery\u00fccel - Emel - Orhan Karado\u011fan Koleksiyonu\",\"isPartOf\":{\"@id\":\"https:\\\/\\\/art.if.com.tr\\\/#website\"},\"primaryImageOfPage\":{\"@id\":\"https:\\\/\\\/art.if.com.tr\\\/?p=24838#primaryimage\"},\"image\":{\"@id\":\"https:\\\/\\\/art.if.com.tr\\\/?p=24838#primaryimage\"},\"thumbnailUrl\":\"https:\\\/\\\/art.if.com.tr\\\/wp-content\\\/uploads\\\/2023\\\/11\\\/Onder-Ebru-Eryucel.jpg\",\"datePublished\":\"2023-11-30T09:04:07+00:00\",\"breadcrumb\":{\"@id\":\"https:\\\/\\\/art.if.com.tr\\\/?p=24838#breadcrumb\"},\"inLanguage\":\"tr\",\"potentialAction\":[{\"@type\":\"ReadAction\",\"target\":[\"https:\\\/\\\/art.if.com.tr\\\/?p=24838\"]}]},{\"@type\":\"ImageObject\",\"inLanguage\":\"tr\",\"@id\":\"https:\\\/\\\/art.if.com.tr\\\/?p=24838#primaryimage\",\"url\":\"https:\\\/\\\/art.if.com.tr\\\/wp-content\\\/uploads\\\/2023\\\/11\\\/Onder-Ebru-Eryucel.jpg\",\"contentUrl\":\"https:\\\/\\\/art.if.com.tr\\\/wp-content\\\/uploads\\\/2023\\\/11\\\/Onder-Ebru-Eryucel.jpg\",\"width\":1440,\"height\":1440},{\"@type\":\"BreadcrumbList\",\"@id\":\"https:\\\/\\\/art.if.com.tr\\\/?p=24838#breadcrumb\",\"itemListElement\":[{\"@type\":\"ListItem\",\"position\":1,\"name\":\"Anasayfa\",\"item\":\"https:\\\/\\\/art.if.com.tr\\\/\"},{\"@type\":\"ListItem\",\"position\":2,\"name\":\"\u00d6nder &#038; Ebru Ery\u00fccel\"}]},{\"@type\":\"WebSite\",\"@id\":\"https:\\\/\\\/art.if.com.tr\\\/#website\",\"url\":\"https:\\\/\\\/art.if.com.tr\\\/\",\"name\":\"Emel - Orhan Karado\u011fan Koleksiyonu\",\"description\":\"\",\"publisher\":{\"@id\":\"https:\\\/\\\/art.if.com.tr\\\/#organization\"},\"potentialAction\":[{\"@type\":\"SearchAction\",\"target\":{\"@type\":\"EntryPoint\",\"urlTemplate\":\"https:\\\/\\\/art.if.com.tr\\\/?s={search_term_string}\"},\"query-input\":{\"@type\":\"PropertyValueSpecification\",\"valueRequired\":true,\"valueName\":\"search_term_string\"}}],\"inLanguage\":\"tr\"},{\"@type\":\"Organization\",\"@id\":\"https:\\\/\\\/art.if.com.tr\\\/#organization\",\"name\":\"Emel - Orhan Karado\u011fan Koleksiyonu\",\"url\":\"https:\\\/\\\/art.if.com.tr\\\/\",\"logo\":{\"@type\":\"ImageObject\",\"inLanguage\":\"tr\",\"@id\":\"https:\\\/\\\/art.if.com.tr\\\/#\\\/schema\\\/logo\\\/image\\\/\",\"url\":\"https:\\\/\\\/art.if.com.tr\\\/wp-content\\\/uploads\\\/2022\\\/07\\\/150x150-iF-Art-logo-e1658997012336.png\",\"contentUrl\":\"https:\\\/\\\/art.if.com.tr\\\/wp-content\\\/uploads\\\/2022\\\/07\\\/150x150-iF-Art-logo-e1658997012336.png\",\"width\":150,\"height\":118,\"caption\":\"Emel - Orhan Karado\u011fan Koleksiyonu\"},\"image\":{\"@id\":\"https:\\\/\\\/art.if.com.tr\\\/#\\\/schema\\\/logo\\\/image\\\/\"}},{\"@type\":\"Person\",\"@id\":\"https:\\\/\\\/art.if.com.tr\\\/#\\\/schema\\\/person\\\/c237745ac4bb942c37ca120be6e48920\",\"name\":\"artifcomtr\",\"url\":\"https:\\\/\\\/art.if.com.tr\\\/?author=1\"}]}<\/script>\n<!-- \/ Yoast SEO plugin. -->","yoast_head_json":{"title":"\u00d6nder &#038; Ebru Ery\u00fccel - Emel - Orhan Karado\u011fan Koleksiyonu","robots":{"index":"index","follow":"follow","max-snippet":"max-snippet:-1","max-image-preview":"max-image-preview:large","max-video-preview":"max-video-preview:-1"},"canonical":"https:\/\/art.if.com.tr\/?p=24838","og_locale":"tr_TR","og_type":"article","og_title":"\u00d6nder &#038; Ebru Ery\u00fccel - Emel - Orhan Karado\u011fan Koleksiyonu","og_url":"https:\/\/art.if.com.tr\/?p=24838","og_site_name":"Emel - Orhan Karado\u011fan Koleksiyonu","article_published_time":"2023-11-30T09:04:07+00:00","og_image":[{"width":1440,"height":1440,"url":"https:\/\/art.if.com.tr\/wp-content\/uploads\/2023\/11\/Onder-Ebru-Eryucel.jpg","type":"image\/jpeg"}],"author":"artifcomtr","twitter_card":"summary_large_image","twitter_misc":{"Yazan:":"artifcomtr"},"schema":{"@context":"https:\/\/schema.org","@graph":[{"@type":"Article","@id":"https:\/\/art.if.com.tr\/?p=24838#article","isPartOf":{"@id":"https:\/\/art.if.com.tr\/?p=24838"},"author":{"name":"artifcomtr","@id":"https:\/\/art.if.com.tr\/#\/schema\/person\/c237745ac4bb942c37ca120be6e48920"},"headline":"\u00d6nder &#038; Ebru Ery\u00fccel","datePublished":"2023-11-30T09:04:07+00:00","mainEntityOfPage":{"@id":"https:\/\/art.if.com.tr\/?p=24838"},"wordCount":4,"publisher":{"@id":"https:\/\/art.if.com.tr\/#organization"},"image":{"@id":"https:\/\/art.if.com.tr\/?p=24838#primaryimage"},"thumbnailUrl":"https:\/\/art.if.com.tr\/wp-content\/uploads\/2023\/11\/Onder-Ebru-Eryucel.jpg","articleSection":["O-\u00d6","Sanat\u00e7\u0131larla"],"inLanguage":"tr"},{"@type":"WebPage","@id":"https:\/\/art.if.com.tr\/?p=24838","url":"https:\/\/art.if.com.tr\/?p=24838","name":"\u00d6nder &#038; Ebru Ery\u00fccel - Emel - Orhan Karado\u011fan Koleksiyonu","isPartOf":{"@id":"https:\/\/art.if.com.tr\/#website"},"primaryImageOfPage":{"@id":"https:\/\/art.if.com.tr\/?p=24838#primaryimage"},"image":{"@id":"https:\/\/art.if.com.tr\/?p=24838#primaryimage"},"thumbnailUrl":"https:\/\/art.if.com.tr\/wp-content\/uploads\/2023\/11\/Onder-Ebru-Eryucel.jpg","datePublished":"2023-11-30T09:04:07+00:00","breadcrumb":{"@id":"https:\/\/art.if.com.tr\/?p=24838#breadcrumb"},"inLanguage":"tr","potentialAction":[{"@type":"ReadAction","target":["https:\/\/art.if.com.tr\/?p=24838"]}]},{"@type":"ImageObject","inLanguage":"tr","@id":"https:\/\/art.if.com.tr\/?p=24838#primaryimage","url":"https:\/\/art.if.com.tr\/wp-content\/uploads\/2023\/11\/Onder-Ebru-Eryucel.jpg","contentUrl":"https:\/\/art.if.com.tr\/wp-content\/uploads\/2023\/11\/Onder-Ebru-Eryucel.jpg","width":1440,"height":1440},{"@type":"BreadcrumbList","@id":"https:\/\/art.if.com.tr\/?p=24838#breadcrumb","itemListElement":[{"@type":"ListItem","position":1,"name":"Anasayfa","item":"https:\/\/art.if.com.tr\/"},{"@type":"ListItem","position":2,"name":"\u00d6nder &#038; Ebru Ery\u00fccel"}]},{"@type":"WebSite","@id":"https:\/\/art.if.com.tr\/#website","url":"https:\/\/art.if.com.tr\/","name":"Emel - Orhan Karado\u011fan Koleksiyonu","description":"","publisher":{"@id":"https:\/\/art.if.com.tr\/#organization"},"potentialAction":[{"@type":"SearchAction","target":{"@type":"EntryPoint","urlTemplate":"https:\/\/art.if.com.tr\/?s={search_term_string}"},"query-input":{"@type":"PropertyValueSpecification","valueRequired":true,"valueName":"search_term_string"}}],"inLanguage":"tr"},{"@type":"Organization","@id":"https:\/\/art.if.com.tr\/#organization","name":"Emel - Orhan Karado\u011fan Koleksiyonu","url":"https:\/\/art.if.com.tr\/","logo":{"@type":"ImageObject","inLanguage":"tr","@id":"https:\/\/art.if.com.tr\/#\/schema\/logo\/image\/","url":"https:\/\/art.if.com.tr\/wp-content\/uploads\/2022\/07\/150x150-iF-Art-logo-e1658997012336.png","contentUrl":"https:\/\/art.if.com.tr\/wp-content\/uploads\/2022\/07\/150x150-iF-Art-logo-e1658997012336.png","width":150,"height":118,"caption":"Emel - Orhan Karado\u011fan Koleksiyonu"},"image":{"@id":"https:\/\/art.if.com.tr\/#\/schema\/logo\/image\/"}},{"@type":"Person","@id":"https:\/\/art.if.com.tr\/#\/schema\/person\/c237745ac4bb942c37ca120be6e48920","name":"artifcomtr","url":"https:\/\/art.if.com.tr\/?author=1"}]}},"_links":{"self":[{"href":"https:\/\/art.if.com.tr\/index.php?rest_route=\/wp\/v2\/posts\/24838","targetHints":{"allow":["GET"]}}],"collection":[{"href":"https:\/\/art.if.com.tr\/index.php?rest_route=\/wp\/v2\/posts"}],"about":[{"href":"https:\/\/art.if.com.tr\/index.php?rest_route=\/wp\/v2\/types\/post"}],"author":[{"embeddable":true,"href":"https:\/\/art.if.com.tr\/index.php?rest_route=\/wp\/v2\/users\/1"}],"replies":[{"embeddable":true,"href":"https:\/\/art.if.com.tr\/index.php?rest_route=%2Fwp%2Fv2%2Fcomments&post=24838"}],"version-history":[{"count":0,"href":"https:\/\/art.if.com.tr\/index.php?rest_route=\/wp\/v2\/posts\/24838\/revisions"}],"wp:featuredmedia":[{"embeddable":true,"href":"https:\/\/art.if.com.tr\/index.php?rest_route=\/wp\/v2\/media\/24836"}],"wp:attachment":[{"href":"https:\/\/art.if.com.tr\/index.php?rest_route=%2Fwp%2Fv2%2Fmedia&parent=24838"}],"wp:term":[{"taxonomy":"category","embeddable":true,"href":"https:\/\/art.if.com.tr\/index.php?rest_route=%2Fwp%2Fv2%2Fcategories&post=24838"},{"taxonomy":"post_tag","embeddable":true,"href":"https:\/\/art.if.com.tr\/index.php?rest_route=%2Fwp%2Fv2%2Ftags&post=24838"}],"curies":[{"name":"wp","href":"https:\/\/api.w.org\/{rel}","templated":true}]}}