{"id":13506,"date":"2022-06-03T09:56:46","date_gmt":"2022-06-03T06:56:46","guid":{"rendered":"https:\/\/art.if.com.tr\/?p=13506"},"modified":"2022-06-25T02:33:32","modified_gmt":"2022-06-24T23:33:32","slug":"selahattin-yildirim-tr-kag%cc%86it-u%cc%88zeri-karis%cc%a7ik-teknik-18x27-ev-59-yatak-odasi-id31","status":"publish","type":"post","link":"https:\/\/art.if.com.tr\/?p=13506","title":{"rendered":"33- Selahattin Yildirim TR Kag\u0306it u\u0308zeri karis\u0327ik teknik 18&#215;27 Ev 59 Yatak Odasi id31"},"content":{"rendered":"","protected":false},"excerpt":{"rendered":"","protected":false},"author":1,"featured_media":13504,"comment_status":"closed","ping_status":"closed","sticky":false,"template":"","format":"standard","meta":{"footnotes":""},"categories":[78,75,144,83,94,640,79,145,82],"tags":[14,109],"class_list":["post-13506","post","type-post","status-publish","format-standard","has-post-thumbnail","hentry","category-eser","category-eserler","category-mense","category-ofis","category-s","category-selahattin-yildirim","category-tablo","category-turkiye","category-yerleske","tag-kagit","tag-karisik"],"yoast_head":"<!-- This site is optimized with the Yoast SEO plugin v27.5 - https:\/\/yoast.com\/product\/yoast-seo-wordpress\/ -->\n<title>33- Selahattin Yildirim TR Kag\u0306it u\u0308zeri karis\u0327ik teknik 18x27 Ev 59 Yatak Odasi id31 - Emel - Orhan Karado\u011fan Koleksiyonu<\/title>\n<meta name=\"robots\" content=\"index, follow, max-snippet:-1, max-image-preview:large, max-video-preview:-1\" \/>\n<link rel=\"canonical\" href=\"https:\/\/art.if.com.tr\/?p=13506\" \/>\n<meta property=\"og:locale\" content=\"tr_TR\" \/>\n<meta property=\"og:type\" content=\"article\" \/>\n<meta property=\"og:title\" content=\"33- Selahattin Yildirim TR Kag\u0306it u\u0308zeri karis\u0327ik teknik 18x27 Ev 59 Yatak Odasi id31 - Emel - Orhan Karado\u011fan Koleksiyonu\" \/>\n<meta property=\"og:url\" content=\"https:\/\/art.if.com.tr\/?p=13506\" \/>\n<meta property=\"og:site_name\" content=\"Emel - Orhan Karado\u011fan Koleksiyonu\" \/>\n<meta property=\"article:published_time\" content=\"2022-06-03T06:56:46+00:00\" \/>\n<meta property=\"article:modified_time\" content=\"2022-06-24T23:33:32+00:00\" \/>\n<meta property=\"og:image\" content=\"https:\/\/art.if.com.tr\/wp-content\/uploads\/2022\/06\/Selahattin-Yildirim-TR-Kag\u0306it-u\u0308zeri-karis\u0327ik-teknik-18x27-Ev-59-Yatak-Odasi-id31-e1659608524719.jpg\" \/>\n\t<meta property=\"og:image:width\" content=\"690\" \/>\n\t<meta property=\"og:image:height\" content=\"479\" \/>\n\t<meta property=\"og:image:type\" content=\"image\/jpeg\" \/>\n<meta name=\"author\" content=\"artifcomtr\" \/>\n<meta name=\"twitter:card\" content=\"summary_large_image\" \/>\n<meta name=\"twitter:label1\" content=\"Yazan:\" \/>\n\t<meta name=\"twitter:data1\" content=\"artifcomtr\" \/>\n<script type=\"application\/ld+json\" class=\"yoast-schema-graph\">{\"@context\":\"https:\\\/\\\/schema.org\",\"@graph\":[{\"@type\":\"Article\",\"@id\":\"https:\\\/\\\/art.if.com.tr\\\/?p=13506#article\",\"isPartOf\":{\"@id\":\"https:\\\/\\\/art.if.com.tr\\\/?p=13506\"},\"author\":{\"name\":\"artifcomtr\",\"@id\":\"https:\\\/\\\/art.if.com.tr\\\/#\\\/schema\\\/person\\\/c237745ac4bb942c37ca120be6e48920\"},\"headline\":\"33- Selahattin Yildirim TR Kag\u0306it u\u0308zeri karis\u0327ik teknik 18&#215;27 Ev 59 Yatak Odasi id31\",\"datePublished\":\"2022-06-03T06:56:46+00:00\",\"dateModified\":\"2022-06-24T23:33:32+00:00\",\"mainEntityOfPage\":{\"@id\":\"https:\\\/\\\/art.if.com.tr\\\/?p=13506\"},\"wordCount\":16,\"publisher\":{\"@id\":\"https:\\\/\\\/art.if.com.tr\\\/#organization\"},\"image\":{\"@id\":\"https:\\\/\\\/art.if.com.tr\\\/?p=13506#primaryimage\"},\"thumbnailUrl\":\"https:\\\/\\\/art.if.com.tr\\\/wp-content\\\/uploads\\\/2022\\\/06\\\/Selahattin-Yildirim-TR-Kag\u0306it-u\u0308zeri-karis\u0327ik-teknik-18x27-Ev-59-Yatak-Odasi-id31-e1659608524719.jpg\",\"keywords\":[\"Ka\u011f\u0131t\",\"Kar\u0131\u015f\u0131k Teknik\"],\"articleSection\":[\"Eser Tipi\",\"Eserler\",\"Men\u015fe\",\"Ofis\",\"S-\u015e\",\"Selahattin Y\u0131ld\u0131r\u0131m\",\"Tablo\",\"T\u00fcrkiye\",\"Yerle\u015fke\"],\"inLanguage\":\"tr\"},{\"@type\":\"WebPage\",\"@id\":\"https:\\\/\\\/art.if.com.tr\\\/?p=13506\",\"url\":\"https:\\\/\\\/art.if.com.tr\\\/?p=13506\",\"name\":\"33- Selahattin Yildirim TR Kag\u0306it u\u0308zeri karis\u0327ik teknik 18x27 Ev 59 Yatak Odasi id31 - Emel - Orhan Karado\u011fan Koleksiyonu\",\"isPartOf\":{\"@id\":\"https:\\\/\\\/art.if.com.tr\\\/#website\"},\"primaryImageOfPage\":{\"@id\":\"https:\\\/\\\/art.if.com.tr\\\/?p=13506#primaryimage\"},\"image\":{\"@id\":\"https:\\\/\\\/art.if.com.tr\\\/?p=13506#primaryimage\"},\"thumbnailUrl\":\"https:\\\/\\\/art.if.com.tr\\\/wp-content\\\/uploads\\\/2022\\\/06\\\/Selahattin-Yildirim-TR-Kag\u0306it-u\u0308zeri-karis\u0327ik-teknik-18x27-Ev-59-Yatak-Odasi-id31-e1659608524719.jpg\",\"datePublished\":\"2022-06-03T06:56:46+00:00\",\"dateModified\":\"2022-06-24T23:33:32+00:00\",\"breadcrumb\":{\"@id\":\"https:\\\/\\\/art.if.com.tr\\\/?p=13506#breadcrumb\"},\"inLanguage\":\"tr\",\"potentialAction\":[{\"@type\":\"ReadAction\",\"target\":[\"https:\\\/\\\/art.if.com.tr\\\/?p=13506\"]}]},{\"@type\":\"ImageObject\",\"inLanguage\":\"tr\",\"@id\":\"https:\\\/\\\/art.if.com.tr\\\/?p=13506#primaryimage\",\"url\":\"https:\\\/\\\/art.if.com.tr\\\/wp-content\\\/uploads\\\/2022\\\/06\\\/Selahattin-Yildirim-TR-Kag\u0306it-u\u0308zeri-karis\u0327ik-teknik-18x27-Ev-59-Yatak-Odasi-id31-e1659608524719.jpg\",\"contentUrl\":\"https:\\\/\\\/art.if.com.tr\\\/wp-content\\\/uploads\\\/2022\\\/06\\\/Selahattin-Yildirim-TR-Kag\u0306it-u\u0308zeri-karis\u0327ik-teknik-18x27-Ev-59-Yatak-Odasi-id31-e1659608524719.jpg\",\"width\":690,\"height\":479},{\"@type\":\"BreadcrumbList\",\"@id\":\"https:\\\/\\\/art.if.com.tr\\\/?p=13506#breadcrumb\",\"itemListElement\":[{\"@type\":\"ListItem\",\"position\":1,\"name\":\"Anasayfa\",\"item\":\"https:\\\/\\\/art.if.com.tr\\\/\"},{\"@type\":\"ListItem\",\"position\":2,\"name\":\"33- Selahattin Yildirim TR Kag\u0306it u\u0308zeri karis\u0327ik teknik 18&#215;27 Ev 59 Yatak Odasi id31\"}]},{\"@type\":\"WebSite\",\"@id\":\"https:\\\/\\\/art.if.com.tr\\\/#website\",\"url\":\"https:\\\/\\\/art.if.com.tr\\\/\",\"name\":\"Emel - Orhan Karado\u011fan Koleksiyonu\",\"description\":\"\",\"publisher\":{\"@id\":\"https:\\\/\\\/art.if.com.tr\\\/#organization\"},\"potentialAction\":[{\"@type\":\"SearchAction\",\"target\":{\"@type\":\"EntryPoint\",\"urlTemplate\":\"https:\\\/\\\/art.if.com.tr\\\/?s={search_term_string}\"},\"query-input\":{\"@type\":\"PropertyValueSpecification\",\"valueRequired\":true,\"valueName\":\"search_term_string\"}}],\"inLanguage\":\"tr\"},{\"@type\":\"Organization\",\"@id\":\"https:\\\/\\\/art.if.com.tr\\\/#organization\",\"name\":\"Emel - Orhan Karado\u011fan Koleksiyonu\",\"url\":\"https:\\\/\\\/art.if.com.tr\\\/\",\"logo\":{\"@type\":\"ImageObject\",\"inLanguage\":\"tr\",\"@id\":\"https:\\\/\\\/art.if.com.tr\\\/#\\\/schema\\\/logo\\\/image\\\/\",\"url\":\"https:\\\/\\\/art.if.com.tr\\\/wp-content\\\/uploads\\\/2022\\\/07\\\/150x150-iF-Art-logo-e1658997012336.png\",\"contentUrl\":\"https:\\\/\\\/art.if.com.tr\\\/wp-content\\\/uploads\\\/2022\\\/07\\\/150x150-iF-Art-logo-e1658997012336.png\",\"width\":150,\"height\":118,\"caption\":\"Emel - Orhan Karado\u011fan Koleksiyonu\"},\"image\":{\"@id\":\"https:\\\/\\\/art.if.com.tr\\\/#\\\/schema\\\/logo\\\/image\\\/\"}},{\"@type\":\"Person\",\"@id\":\"https:\\\/\\\/art.if.com.tr\\\/#\\\/schema\\\/person\\\/c237745ac4bb942c37ca120be6e48920\",\"name\":\"artifcomtr\",\"url\":\"https:\\\/\\\/art.if.com.tr\\\/?author=1\"}]}<\/script>\n<!-- \/ Yoast SEO plugin. -->","yoast_head_json":{"title":"33- Selahattin Yildirim TR Kag\u0306it u\u0308zeri karis\u0327ik teknik 18x27 Ev 59 Yatak Odasi id31 - Emel - Orhan Karado\u011fan Koleksiyonu","robots":{"index":"index","follow":"follow","max-snippet":"max-snippet:-1","max-image-preview":"max-image-preview:large","max-video-preview":"max-video-preview:-1"},"canonical":"https:\/\/art.if.com.tr\/?p=13506","og_locale":"tr_TR","og_type":"article","og_title":"33- Selahattin Yildirim TR Kag\u0306it u\u0308zeri karis\u0327ik teknik 18x27 Ev 59 Yatak Odasi id31 - Emel - Orhan Karado\u011fan Koleksiyonu","og_url":"https:\/\/art.if.com.tr\/?p=13506","og_site_name":"Emel - Orhan Karado\u011fan Koleksiyonu","article_published_time":"2022-06-03T06:56:46+00:00","article_modified_time":"2022-06-24T23:33:32+00:00","og_image":[{"width":690,"height":479,"url":"https:\/\/art.if.com.tr\/wp-content\/uploads\/2022\/06\/Selahattin-Yildirim-TR-Kag\u0306it-u\u0308zeri-karis\u0327ik-teknik-18x27-Ev-59-Yatak-Odasi-id31-e1659608524719.jpg","type":"image\/jpeg"}],"author":"artifcomtr","twitter_card":"summary_large_image","twitter_misc":{"Yazan:":"artifcomtr"},"schema":{"@context":"https:\/\/schema.org","@graph":[{"@type":"Article","@id":"https:\/\/art.if.com.tr\/?p=13506#article","isPartOf":{"@id":"https:\/\/art.if.com.tr\/?p=13506"},"author":{"name":"artifcomtr","@id":"https:\/\/art.if.com.tr\/#\/schema\/person\/c237745ac4bb942c37ca120be6e48920"},"headline":"33- Selahattin Yildirim TR Kag\u0306it u\u0308zeri karis\u0327ik teknik 18&#215;27 Ev 59 Yatak Odasi id31","datePublished":"2022-06-03T06:56:46+00:00","dateModified":"2022-06-24T23:33:32+00:00","mainEntityOfPage":{"@id":"https:\/\/art.if.com.tr\/?p=13506"},"wordCount":16,"publisher":{"@id":"https:\/\/art.if.com.tr\/#organization"},"image":{"@id":"https:\/\/art.if.com.tr\/?p=13506#primaryimage"},"thumbnailUrl":"https:\/\/art.if.com.tr\/wp-content\/uploads\/2022\/06\/Selahattin-Yildirim-TR-Kag\u0306it-u\u0308zeri-karis\u0327ik-teknik-18x27-Ev-59-Yatak-Odasi-id31-e1659608524719.jpg","keywords":["Ka\u011f\u0131t","Kar\u0131\u015f\u0131k Teknik"],"articleSection":["Eser Tipi","Eserler","Men\u015fe","Ofis","S-\u015e","Selahattin Y\u0131ld\u0131r\u0131m","Tablo","T\u00fcrkiye","Yerle\u015fke"],"inLanguage":"tr"},{"@type":"WebPage","@id":"https:\/\/art.if.com.tr\/?p=13506","url":"https:\/\/art.if.com.tr\/?p=13506","name":"33- Selahattin Yildirim TR Kag\u0306it u\u0308zeri karis\u0327ik teknik 18x27 Ev 59 Yatak Odasi id31 - Emel - Orhan Karado\u011fan Koleksiyonu","isPartOf":{"@id":"https:\/\/art.if.com.tr\/#website"},"primaryImageOfPage":{"@id":"https:\/\/art.if.com.tr\/?p=13506#primaryimage"},"image":{"@id":"https:\/\/art.if.com.tr\/?p=13506#primaryimage"},"thumbnailUrl":"https:\/\/art.if.com.tr\/wp-content\/uploads\/2022\/06\/Selahattin-Yildirim-TR-Kag\u0306it-u\u0308zeri-karis\u0327ik-teknik-18x27-Ev-59-Yatak-Odasi-id31-e1659608524719.jpg","datePublished":"2022-06-03T06:56:46+00:00","dateModified":"2022-06-24T23:33:32+00:00","breadcrumb":{"@id":"https:\/\/art.if.com.tr\/?p=13506#breadcrumb"},"inLanguage":"tr","potentialAction":[{"@type":"ReadAction","target":["https:\/\/art.if.com.tr\/?p=13506"]}]},{"@type":"ImageObject","inLanguage":"tr","@id":"https:\/\/art.if.com.tr\/?p=13506#primaryimage","url":"https:\/\/art.if.com.tr\/wp-content\/uploads\/2022\/06\/Selahattin-Yildirim-TR-Kag\u0306it-u\u0308zeri-karis\u0327ik-teknik-18x27-Ev-59-Yatak-Odasi-id31-e1659608524719.jpg","contentUrl":"https:\/\/art.if.com.tr\/wp-content\/uploads\/2022\/06\/Selahattin-Yildirim-TR-Kag\u0306it-u\u0308zeri-karis\u0327ik-teknik-18x27-Ev-59-Yatak-Odasi-id31-e1659608524719.jpg","width":690,"height":479},{"@type":"BreadcrumbList","@id":"https:\/\/art.if.com.tr\/?p=13506#breadcrumb","itemListElement":[{"@type":"ListItem","position":1,"name":"Anasayfa","item":"https:\/\/art.if.com.tr\/"},{"@type":"ListItem","position":2,"name":"33- Selahattin Yildirim TR Kag\u0306it u\u0308zeri karis\u0327ik teknik 18&#215;27 Ev 59 Yatak Odasi id31"}]},{"@type":"WebSite","@id":"https:\/\/art.if.com.tr\/#website","url":"https:\/\/art.if.com.tr\/","name":"Emel - Orhan Karado\u011fan Koleksiyonu","description":"","publisher":{"@id":"https:\/\/art.if.com.tr\/#organization"},"potentialAction":[{"@type":"SearchAction","target":{"@type":"EntryPoint","urlTemplate":"https:\/\/art.if.com.tr\/?s={search_term_string}"},"query-input":{"@type":"PropertyValueSpecification","valueRequired":true,"valueName":"search_term_string"}}],"inLanguage":"tr"},{"@type":"Organization","@id":"https:\/\/art.if.com.tr\/#organization","name":"Emel - Orhan Karado\u011fan Koleksiyonu","url":"https:\/\/art.if.com.tr\/","logo":{"@type":"ImageObject","inLanguage":"tr","@id":"https:\/\/art.if.com.tr\/#\/schema\/logo\/image\/","url":"https:\/\/art.if.com.tr\/wp-content\/uploads\/2022\/07\/150x150-iF-Art-logo-e1658997012336.png","contentUrl":"https:\/\/art.if.com.tr\/wp-content\/uploads\/2022\/07\/150x150-iF-Art-logo-e1658997012336.png","width":150,"height":118,"caption":"Emel - Orhan Karado\u011fan Koleksiyonu"},"image":{"@id":"https:\/\/art.if.com.tr\/#\/schema\/logo\/image\/"}},{"@type":"Person","@id":"https:\/\/art.if.com.tr\/#\/schema\/person\/c237745ac4bb942c37ca120be6e48920","name":"artifcomtr","url":"https:\/\/art.if.com.tr\/?author=1"}]}},"_links":{"self":[{"href":"https:\/\/art.if.com.tr\/index.php?rest_route=\/wp\/v2\/posts\/13506","targetHints":{"allow":["GET"]}}],"collection":[{"href":"https:\/\/art.if.com.tr\/index.php?rest_route=\/wp\/v2\/posts"}],"about":[{"href":"https:\/\/art.if.com.tr\/index.php?rest_route=\/wp\/v2\/types\/post"}],"author":[{"embeddable":true,"href":"https:\/\/art.if.com.tr\/index.php?rest_route=\/wp\/v2\/users\/1"}],"replies":[{"embeddable":true,"href":"https:\/\/art.if.com.tr\/index.php?rest_route=%2Fwp%2Fv2%2Fcomments&post=13506"}],"version-history":[{"count":1,"href":"https:\/\/art.if.com.tr\/index.php?rest_route=\/wp\/v2\/posts\/13506\/revisions"}],"predecessor-version":[{"id":20591,"href":"https:\/\/art.if.com.tr\/index.php?rest_route=\/wp\/v2\/posts\/13506\/revisions\/20591"}],"wp:featuredmedia":[{"embeddable":true,"href":"https:\/\/art.if.com.tr\/index.php?rest_route=\/wp\/v2\/media\/13504"}],"wp:attachment":[{"href":"https:\/\/art.if.com.tr\/index.php?rest_route=%2Fwp%2Fv2%2Fmedia&parent=13506"}],"wp:term":[{"taxonomy":"category","embeddable":true,"href":"https:\/\/art.if.com.tr\/index.php?rest_route=%2Fwp%2Fv2%2Fcategories&post=13506"},{"taxonomy":"post_tag","embeddable":true,"href":"https:\/\/art.if.com.tr\/index.php?rest_route=%2Fwp%2Fv2%2Ftags&post=13506"}],"curies":[{"name":"wp","href":"https:\/\/api.w.org\/{rel}","templated":true}]}}