{"id":13015,"date":"2022-06-02T22:58:41","date_gmt":"2022-06-02T19:58:41","guid":{"rendered":"https:\/\/art.if.com.tr\/?p=13015"},"modified":"2022-06-25T00:34:24","modified_gmt":"2022-06-24T21:34:24","slug":"nihat-findikli-tr-fotog%cc%86raf-18x18-ofis-oda-4-id1","status":"publish","type":"post","link":"https:\/\/art.if.com.tr\/?p=13015","title":{"rendered":"5- Nihat Findikli TR Fotog\u0306raf 18&#215;18 Ofis oda 4 id1"},"content":{"rendered":"","protected":false},"excerpt":{"rendered":"","protected":false},"author":1,"featured_media":13013,"comment_status":"closed","ping_status":"closed","sticky":false,"template":"","format":"standard","meta":{"footnotes":""},"categories":[78,75,80,144,160,601,83,145,82],"tags":[],"class_list":["post-13015","post","type-post","status-publish","format-standard","has-post-thumbnail","hentry","category-eser","category-eserler","category-fotograf","category-mense","category-n","category-nihat-findikli","category-ofis","category-turkiye","category-yerleske"],"yoast_head":"<!-- This site is optimized with the Yoast SEO plugin v27.5 - https:\/\/yoast.com\/product\/yoast-seo-wordpress\/ -->\n<title>5- Nihat Findikli TR Fotog\u0306raf 18x18 Ofis oda 4 id1 - Emel - Orhan Karado\u011fan Koleksiyonu<\/title>\n<meta name=\"robots\" content=\"index, follow, max-snippet:-1, max-image-preview:large, max-video-preview:-1\" \/>\n<link rel=\"canonical\" href=\"https:\/\/art.if.com.tr\/?p=13015\" \/>\n<meta property=\"og:locale\" content=\"tr_TR\" \/>\n<meta property=\"og:type\" content=\"article\" \/>\n<meta property=\"og:title\" content=\"5- Nihat Findikli TR Fotog\u0306raf 18x18 Ofis oda 4 id1 - Emel - Orhan Karado\u011fan Koleksiyonu\" \/>\n<meta property=\"og:url\" content=\"https:\/\/art.if.com.tr\/?p=13015\" \/>\n<meta property=\"og:site_name\" content=\"Emel - Orhan Karado\u011fan Koleksiyonu\" \/>\n<meta property=\"article:published_time\" content=\"2022-06-02T19:58:41+00:00\" \/>\n<meta property=\"article:modified_time\" content=\"2022-06-24T21:34:24+00:00\" \/>\n<meta property=\"og:image\" content=\"https:\/\/art.if.com.tr\/wp-content\/uploads\/2022\/06\/Nihat-Findikli-TR-Fotog\u0306raf-18x18-Ofis-oda-4-id1-e1658425474421.jpg\" \/>\n\t<meta property=\"og:image:width\" content=\"619\" \/>\n\t<meta property=\"og:image:height\" content=\"445\" \/>\n\t<meta property=\"og:image:type\" content=\"image\/jpeg\" \/>\n<meta name=\"author\" content=\"artifcomtr\" \/>\n<meta name=\"twitter:card\" content=\"summary_large_image\" \/>\n<meta name=\"twitter:label1\" content=\"Yazan:\" \/>\n\t<meta name=\"twitter:data1\" content=\"artifcomtr\" \/>\n<script type=\"application\/ld+json\" class=\"yoast-schema-graph\">{\"@context\":\"https:\\\/\\\/schema.org\",\"@graph\":[{\"@type\":\"Article\",\"@id\":\"https:\\\/\\\/art.if.com.tr\\\/?p=13015#article\",\"isPartOf\":{\"@id\":\"https:\\\/\\\/art.if.com.tr\\\/?p=13015\"},\"author\":{\"name\":\"artifcomtr\",\"@id\":\"https:\\\/\\\/art.if.com.tr\\\/#\\\/schema\\\/person\\\/c237745ac4bb942c37ca120be6e48920\"},\"headline\":\"5- Nihat Findikli TR Fotog\u0306raf 18&#215;18 Ofis oda 4 id1\",\"datePublished\":\"2022-06-02T19:58:41+00:00\",\"dateModified\":\"2022-06-24T21:34:24+00:00\",\"mainEntityOfPage\":{\"@id\":\"https:\\\/\\\/art.if.com.tr\\\/?p=13015\"},\"wordCount\":10,\"publisher\":{\"@id\":\"https:\\\/\\\/art.if.com.tr\\\/#organization\"},\"image\":{\"@id\":\"https:\\\/\\\/art.if.com.tr\\\/?p=13015#primaryimage\"},\"thumbnailUrl\":\"https:\\\/\\\/art.if.com.tr\\\/wp-content\\\/uploads\\\/2022\\\/06\\\/Nihat-Findikli-TR-Fotog\u0306raf-18x18-Ofis-oda-4-id1-e1658425474421.jpg\",\"articleSection\":[\"Eser Tipi\",\"Eserler\",\"Foto\u011fraf\",\"Men\u015fe\",\"N\",\"Nihat F\u0131nd\u0131kl\u0131\",\"Ofis\",\"T\u00fcrkiye\",\"Yerle\u015fke\"],\"inLanguage\":\"tr\"},{\"@type\":\"WebPage\",\"@id\":\"https:\\\/\\\/art.if.com.tr\\\/?p=13015\",\"url\":\"https:\\\/\\\/art.if.com.tr\\\/?p=13015\",\"name\":\"5- Nihat Findikli TR Fotog\u0306raf 18x18 Ofis oda 4 id1 - Emel - Orhan Karado\u011fan Koleksiyonu\",\"isPartOf\":{\"@id\":\"https:\\\/\\\/art.if.com.tr\\\/#website\"},\"primaryImageOfPage\":{\"@id\":\"https:\\\/\\\/art.if.com.tr\\\/?p=13015#primaryimage\"},\"image\":{\"@id\":\"https:\\\/\\\/art.if.com.tr\\\/?p=13015#primaryimage\"},\"thumbnailUrl\":\"https:\\\/\\\/art.if.com.tr\\\/wp-content\\\/uploads\\\/2022\\\/06\\\/Nihat-Findikli-TR-Fotog\u0306raf-18x18-Ofis-oda-4-id1-e1658425474421.jpg\",\"datePublished\":\"2022-06-02T19:58:41+00:00\",\"dateModified\":\"2022-06-24T21:34:24+00:00\",\"breadcrumb\":{\"@id\":\"https:\\\/\\\/art.if.com.tr\\\/?p=13015#breadcrumb\"},\"inLanguage\":\"tr\",\"potentialAction\":[{\"@type\":\"ReadAction\",\"target\":[\"https:\\\/\\\/art.if.com.tr\\\/?p=13015\"]}]},{\"@type\":\"ImageObject\",\"inLanguage\":\"tr\",\"@id\":\"https:\\\/\\\/art.if.com.tr\\\/?p=13015#primaryimage\",\"url\":\"https:\\\/\\\/art.if.com.tr\\\/wp-content\\\/uploads\\\/2022\\\/06\\\/Nihat-Findikli-TR-Fotog\u0306raf-18x18-Ofis-oda-4-id1-e1658425474421.jpg\",\"contentUrl\":\"https:\\\/\\\/art.if.com.tr\\\/wp-content\\\/uploads\\\/2022\\\/06\\\/Nihat-Findikli-TR-Fotog\u0306raf-18x18-Ofis-oda-4-id1-e1658425474421.jpg\",\"width\":619,\"height\":445},{\"@type\":\"BreadcrumbList\",\"@id\":\"https:\\\/\\\/art.if.com.tr\\\/?p=13015#breadcrumb\",\"itemListElement\":[{\"@type\":\"ListItem\",\"position\":1,\"name\":\"Anasayfa\",\"item\":\"https:\\\/\\\/art.if.com.tr\\\/\"},{\"@type\":\"ListItem\",\"position\":2,\"name\":\"5- Nihat Findikli TR Fotog\u0306raf 18&#215;18 Ofis oda 4 id1\"}]},{\"@type\":\"WebSite\",\"@id\":\"https:\\\/\\\/art.if.com.tr\\\/#website\",\"url\":\"https:\\\/\\\/art.if.com.tr\\\/\",\"name\":\"Emel - Orhan Karado\u011fan Koleksiyonu\",\"description\":\"\",\"publisher\":{\"@id\":\"https:\\\/\\\/art.if.com.tr\\\/#organization\"},\"potentialAction\":[{\"@type\":\"SearchAction\",\"target\":{\"@type\":\"EntryPoint\",\"urlTemplate\":\"https:\\\/\\\/art.if.com.tr\\\/?s={search_term_string}\"},\"query-input\":{\"@type\":\"PropertyValueSpecification\",\"valueRequired\":true,\"valueName\":\"search_term_string\"}}],\"inLanguage\":\"tr\"},{\"@type\":\"Organization\",\"@id\":\"https:\\\/\\\/art.if.com.tr\\\/#organization\",\"name\":\"Emel - Orhan Karado\u011fan Koleksiyonu\",\"url\":\"https:\\\/\\\/art.if.com.tr\\\/\",\"logo\":{\"@type\":\"ImageObject\",\"inLanguage\":\"tr\",\"@id\":\"https:\\\/\\\/art.if.com.tr\\\/#\\\/schema\\\/logo\\\/image\\\/\",\"url\":\"https:\\\/\\\/art.if.com.tr\\\/wp-content\\\/uploads\\\/2022\\\/07\\\/150x150-iF-Art-logo-e1658997012336.png\",\"contentUrl\":\"https:\\\/\\\/art.if.com.tr\\\/wp-content\\\/uploads\\\/2022\\\/07\\\/150x150-iF-Art-logo-e1658997012336.png\",\"width\":150,\"height\":118,\"caption\":\"Emel - Orhan Karado\u011fan Koleksiyonu\"},\"image\":{\"@id\":\"https:\\\/\\\/art.if.com.tr\\\/#\\\/schema\\\/logo\\\/image\\\/\"}},{\"@type\":\"Person\",\"@id\":\"https:\\\/\\\/art.if.com.tr\\\/#\\\/schema\\\/person\\\/c237745ac4bb942c37ca120be6e48920\",\"name\":\"artifcomtr\",\"url\":\"https:\\\/\\\/art.if.com.tr\\\/?author=1\"}]}<\/script>\n<!-- \/ Yoast SEO plugin. -->","yoast_head_json":{"title":"5- Nihat Findikli TR Fotog\u0306raf 18x18 Ofis oda 4 id1 - Emel - Orhan Karado\u011fan Koleksiyonu","robots":{"index":"index","follow":"follow","max-snippet":"max-snippet:-1","max-image-preview":"max-image-preview:large","max-video-preview":"max-video-preview:-1"},"canonical":"https:\/\/art.if.com.tr\/?p=13015","og_locale":"tr_TR","og_type":"article","og_title":"5- Nihat Findikli TR Fotog\u0306raf 18x18 Ofis oda 4 id1 - Emel - Orhan Karado\u011fan Koleksiyonu","og_url":"https:\/\/art.if.com.tr\/?p=13015","og_site_name":"Emel - Orhan Karado\u011fan Koleksiyonu","article_published_time":"2022-06-02T19:58:41+00:00","article_modified_time":"2022-06-24T21:34:24+00:00","og_image":[{"width":619,"height":445,"url":"https:\/\/art.if.com.tr\/wp-content\/uploads\/2022\/06\/Nihat-Findikli-TR-Fotog\u0306raf-18x18-Ofis-oda-4-id1-e1658425474421.jpg","type":"image\/jpeg"}],"author":"artifcomtr","twitter_card":"summary_large_image","twitter_misc":{"Yazan:":"artifcomtr"},"schema":{"@context":"https:\/\/schema.org","@graph":[{"@type":"Article","@id":"https:\/\/art.if.com.tr\/?p=13015#article","isPartOf":{"@id":"https:\/\/art.if.com.tr\/?p=13015"},"author":{"name":"artifcomtr","@id":"https:\/\/art.if.com.tr\/#\/schema\/person\/c237745ac4bb942c37ca120be6e48920"},"headline":"5- Nihat Findikli TR Fotog\u0306raf 18&#215;18 Ofis oda 4 id1","datePublished":"2022-06-02T19:58:41+00:00","dateModified":"2022-06-24T21:34:24+00:00","mainEntityOfPage":{"@id":"https:\/\/art.if.com.tr\/?p=13015"},"wordCount":10,"publisher":{"@id":"https:\/\/art.if.com.tr\/#organization"},"image":{"@id":"https:\/\/art.if.com.tr\/?p=13015#primaryimage"},"thumbnailUrl":"https:\/\/art.if.com.tr\/wp-content\/uploads\/2022\/06\/Nihat-Findikli-TR-Fotog\u0306raf-18x18-Ofis-oda-4-id1-e1658425474421.jpg","articleSection":["Eser Tipi","Eserler","Foto\u011fraf","Men\u015fe","N","Nihat F\u0131nd\u0131kl\u0131","Ofis","T\u00fcrkiye","Yerle\u015fke"],"inLanguage":"tr"},{"@type":"WebPage","@id":"https:\/\/art.if.com.tr\/?p=13015","url":"https:\/\/art.if.com.tr\/?p=13015","name":"5- Nihat Findikli TR Fotog\u0306raf 18x18 Ofis oda 4 id1 - Emel - Orhan Karado\u011fan Koleksiyonu","isPartOf":{"@id":"https:\/\/art.if.com.tr\/#website"},"primaryImageOfPage":{"@id":"https:\/\/art.if.com.tr\/?p=13015#primaryimage"},"image":{"@id":"https:\/\/art.if.com.tr\/?p=13015#primaryimage"},"thumbnailUrl":"https:\/\/art.if.com.tr\/wp-content\/uploads\/2022\/06\/Nihat-Findikli-TR-Fotog\u0306raf-18x18-Ofis-oda-4-id1-e1658425474421.jpg","datePublished":"2022-06-02T19:58:41+00:00","dateModified":"2022-06-24T21:34:24+00:00","breadcrumb":{"@id":"https:\/\/art.if.com.tr\/?p=13015#breadcrumb"},"inLanguage":"tr","potentialAction":[{"@type":"ReadAction","target":["https:\/\/art.if.com.tr\/?p=13015"]}]},{"@type":"ImageObject","inLanguage":"tr","@id":"https:\/\/art.if.com.tr\/?p=13015#primaryimage","url":"https:\/\/art.if.com.tr\/wp-content\/uploads\/2022\/06\/Nihat-Findikli-TR-Fotog\u0306raf-18x18-Ofis-oda-4-id1-e1658425474421.jpg","contentUrl":"https:\/\/art.if.com.tr\/wp-content\/uploads\/2022\/06\/Nihat-Findikli-TR-Fotog\u0306raf-18x18-Ofis-oda-4-id1-e1658425474421.jpg","width":619,"height":445},{"@type":"BreadcrumbList","@id":"https:\/\/art.if.com.tr\/?p=13015#breadcrumb","itemListElement":[{"@type":"ListItem","position":1,"name":"Anasayfa","item":"https:\/\/art.if.com.tr\/"},{"@type":"ListItem","position":2,"name":"5- Nihat Findikli TR Fotog\u0306raf 18&#215;18 Ofis oda 4 id1"}]},{"@type":"WebSite","@id":"https:\/\/art.if.com.tr\/#website","url":"https:\/\/art.if.com.tr\/","name":"Emel - Orhan Karado\u011fan Koleksiyonu","description":"","publisher":{"@id":"https:\/\/art.if.com.tr\/#organization"},"potentialAction":[{"@type":"SearchAction","target":{"@type":"EntryPoint","urlTemplate":"https:\/\/art.if.com.tr\/?s={search_term_string}"},"query-input":{"@type":"PropertyValueSpecification","valueRequired":true,"valueName":"search_term_string"}}],"inLanguage":"tr"},{"@type":"Organization","@id":"https:\/\/art.if.com.tr\/#organization","name":"Emel - Orhan Karado\u011fan Koleksiyonu","url":"https:\/\/art.if.com.tr\/","logo":{"@type":"ImageObject","inLanguage":"tr","@id":"https:\/\/art.if.com.tr\/#\/schema\/logo\/image\/","url":"https:\/\/art.if.com.tr\/wp-content\/uploads\/2022\/07\/150x150-iF-Art-logo-e1658997012336.png","contentUrl":"https:\/\/art.if.com.tr\/wp-content\/uploads\/2022\/07\/150x150-iF-Art-logo-e1658997012336.png","width":150,"height":118,"caption":"Emel - Orhan Karado\u011fan Koleksiyonu"},"image":{"@id":"https:\/\/art.if.com.tr\/#\/schema\/logo\/image\/"}},{"@type":"Person","@id":"https:\/\/art.if.com.tr\/#\/schema\/person\/c237745ac4bb942c37ca120be6e48920","name":"artifcomtr","url":"https:\/\/art.if.com.tr\/?author=1"}]}},"_links":{"self":[{"href":"https:\/\/art.if.com.tr\/index.php?rest_route=\/wp\/v2\/posts\/13015","targetHints":{"allow":["GET"]}}],"collection":[{"href":"https:\/\/art.if.com.tr\/index.php?rest_route=\/wp\/v2\/posts"}],"about":[{"href":"https:\/\/art.if.com.tr\/index.php?rest_route=\/wp\/v2\/types\/post"}],"author":[{"embeddable":true,"href":"https:\/\/art.if.com.tr\/index.php?rest_route=\/wp\/v2\/users\/1"}],"replies":[{"embeddable":true,"href":"https:\/\/art.if.com.tr\/index.php?rest_route=%2Fwp%2Fv2%2Fcomments&post=13015"}],"version-history":[{"count":1,"href":"https:\/\/art.if.com.tr\/index.php?rest_route=\/wp\/v2\/posts\/13015\/revisions"}],"predecessor-version":[{"id":19981,"href":"https:\/\/art.if.com.tr\/index.php?rest_route=\/wp\/v2\/posts\/13015\/revisions\/19981"}],"wp:featuredmedia":[{"embeddable":true,"href":"https:\/\/art.if.com.tr\/index.php?rest_route=\/wp\/v2\/media\/13013"}],"wp:attachment":[{"href":"https:\/\/art.if.com.tr\/index.php?rest_route=%2Fwp%2Fv2%2Fmedia&parent=13015"}],"wp:term":[{"taxonomy":"category","embeddable":true,"href":"https:\/\/art.if.com.tr\/index.php?rest_route=%2Fwp%2Fv2%2Fcategories&post=13015"},{"taxonomy":"post_tag","embeddable":true,"href":"https:\/\/art.if.com.tr\/index.php?rest_route=%2Fwp%2Fv2%2Ftags&post=13015"}],"curies":[{"name":"wp","href":"https:\/\/api.w.org\/{rel}","templated":true}]}}