{"id":12463,"date":"2022-06-02T20:23:30","date_gmt":"2022-06-02T17:23:30","guid":{"rendered":"https:\/\/art.if.com.tr\/?p=12463"},"modified":"2022-06-24T23:03:55","modified_gmt":"2022-06-24T20:03:55","slug":"mehmet-sag%cc%86bas%cc%a7-tr-akrilik-130x100-ofis-toplanti-odasi-id3","status":"publish","type":"post","link":"https:\/\/art.if.com.tr\/?p=12463","title":{"rendered":"4- Mehmet Sag\u0306bas\u0327 TR Akrilik 130&#215;100 ofis toplanti odasi id3"},"content":{"rendered":"","protected":false},"excerpt":{"rendered":"","protected":false},"author":1,"featured_media":12461,"comment_status":"closed","ping_status":"closed","sticky":false,"template":"","format":"standard","meta":{"footnotes":""},"categories":[78,75,89,582,144,83,79,145,82],"tags":[15,14],"class_list":["post-12463","post","type-post","status-publish","format-standard","has-post-thumbnail","hentry","category-eser","category-eserler","category-m","category-mehmet-sagbas","category-mense","category-ofis","category-tablo","category-turkiye","category-yerleske","tag-akrilik","tag-kagit"],"yoast_head":"<!-- This site is optimized with the Yoast SEO plugin v27.5 - https:\/\/yoast.com\/product\/yoast-seo-wordpress\/ -->\n<title>4- Mehmet Sag\u0306bas\u0327 TR Akrilik 130x100 ofis toplanti odasi id3 - Emel - Orhan Karado\u011fan Koleksiyonu<\/title>\n<meta name=\"robots\" content=\"index, follow, max-snippet:-1, max-image-preview:large, max-video-preview:-1\" \/>\n<link rel=\"canonical\" href=\"https:\/\/art.if.com.tr\/?p=12463\" \/>\n<meta property=\"og:locale\" content=\"tr_TR\" \/>\n<meta property=\"og:type\" content=\"article\" \/>\n<meta property=\"og:title\" content=\"4- Mehmet Sag\u0306bas\u0327 TR Akrilik 130x100 ofis toplanti odasi id3 - Emel - Orhan Karado\u011fan Koleksiyonu\" \/>\n<meta property=\"og:url\" content=\"https:\/\/art.if.com.tr\/?p=12463\" \/>\n<meta property=\"og:site_name\" content=\"Emel - Orhan Karado\u011fan Koleksiyonu\" \/>\n<meta property=\"article:published_time\" content=\"2022-06-02T17:23:30+00:00\" \/>\n<meta property=\"article:modified_time\" content=\"2022-06-24T20:03:55+00:00\" \/>\n<meta property=\"og:image\" content=\"https:\/\/art.if.com.tr\/wp-content\/uploads\/2022\/06\/Mehmet-Sag\u0306bas\u0327-TR-Akrilik-130x100-ofis-toplanti-odasi-id3-e1658739697710.jpg\" \/>\n\t<meta property=\"og:image:width\" content=\"370\" \/>\n\t<meta property=\"og:image:height\" content=\"479\" \/>\n\t<meta property=\"og:image:type\" content=\"image\/jpeg\" \/>\n<meta name=\"author\" content=\"artifcomtr\" \/>\n<meta name=\"twitter:card\" content=\"summary_large_image\" \/>\n<meta name=\"twitter:label1\" content=\"Yazan:\" \/>\n\t<meta name=\"twitter:data1\" content=\"artifcomtr\" \/>\n<script type=\"application\/ld+json\" class=\"yoast-schema-graph\">{\"@context\":\"https:\\\/\\\/schema.org\",\"@graph\":[{\"@type\":\"Article\",\"@id\":\"https:\\\/\\\/art.if.com.tr\\\/?p=12463#article\",\"isPartOf\":{\"@id\":\"https:\\\/\\\/art.if.com.tr\\\/?p=12463\"},\"author\":{\"name\":\"artifcomtr\",\"@id\":\"https:\\\/\\\/art.if.com.tr\\\/#\\\/schema\\\/person\\\/c237745ac4bb942c37ca120be6e48920\"},\"headline\":\"4- Mehmet Sag\u0306bas\u0327 TR Akrilik 130&#215;100 ofis toplanti odasi id3\",\"datePublished\":\"2022-06-02T17:23:30+00:00\",\"dateModified\":\"2022-06-24T20:03:55+00:00\",\"mainEntityOfPage\":{\"@id\":\"https:\\\/\\\/art.if.com.tr\\\/?p=12463\"},\"wordCount\":11,\"publisher\":{\"@id\":\"https:\\\/\\\/art.if.com.tr\\\/#organization\"},\"image\":{\"@id\":\"https:\\\/\\\/art.if.com.tr\\\/?p=12463#primaryimage\"},\"thumbnailUrl\":\"https:\\\/\\\/art.if.com.tr\\\/wp-content\\\/uploads\\\/2022\\\/06\\\/Mehmet-Sag\u0306bas\u0327-TR-Akrilik-130x100-ofis-toplanti-odasi-id3-e1658739697710.jpg\",\"keywords\":[\"Akrilik\",\"Ka\u011f\u0131t\"],\"articleSection\":[\"Eser Tipi\",\"Eserler\",\"M\",\"Mehmet Sa\u011fba\u015f\",\"Men\u015fe\",\"Ofis\",\"Tablo\",\"T\u00fcrkiye\",\"Yerle\u015fke\"],\"inLanguage\":\"tr\"},{\"@type\":\"WebPage\",\"@id\":\"https:\\\/\\\/art.if.com.tr\\\/?p=12463\",\"url\":\"https:\\\/\\\/art.if.com.tr\\\/?p=12463\",\"name\":\"4- Mehmet Sag\u0306bas\u0327 TR Akrilik 130x100 ofis toplanti odasi id3 - Emel - Orhan Karado\u011fan Koleksiyonu\",\"isPartOf\":{\"@id\":\"https:\\\/\\\/art.if.com.tr\\\/#website\"},\"primaryImageOfPage\":{\"@id\":\"https:\\\/\\\/art.if.com.tr\\\/?p=12463#primaryimage\"},\"image\":{\"@id\":\"https:\\\/\\\/art.if.com.tr\\\/?p=12463#primaryimage\"},\"thumbnailUrl\":\"https:\\\/\\\/art.if.com.tr\\\/wp-content\\\/uploads\\\/2022\\\/06\\\/Mehmet-Sag\u0306bas\u0327-TR-Akrilik-130x100-ofis-toplanti-odasi-id3-e1658739697710.jpg\",\"datePublished\":\"2022-06-02T17:23:30+00:00\",\"dateModified\":\"2022-06-24T20:03:55+00:00\",\"breadcrumb\":{\"@id\":\"https:\\\/\\\/art.if.com.tr\\\/?p=12463#breadcrumb\"},\"inLanguage\":\"tr\",\"potentialAction\":[{\"@type\":\"ReadAction\",\"target\":[\"https:\\\/\\\/art.if.com.tr\\\/?p=12463\"]}]},{\"@type\":\"ImageObject\",\"inLanguage\":\"tr\",\"@id\":\"https:\\\/\\\/art.if.com.tr\\\/?p=12463#primaryimage\",\"url\":\"https:\\\/\\\/art.if.com.tr\\\/wp-content\\\/uploads\\\/2022\\\/06\\\/Mehmet-Sag\u0306bas\u0327-TR-Akrilik-130x100-ofis-toplanti-odasi-id3-e1658739697710.jpg\",\"contentUrl\":\"https:\\\/\\\/art.if.com.tr\\\/wp-content\\\/uploads\\\/2022\\\/06\\\/Mehmet-Sag\u0306bas\u0327-TR-Akrilik-130x100-ofis-toplanti-odasi-id3-e1658739697710.jpg\",\"width\":370,\"height\":479},{\"@type\":\"BreadcrumbList\",\"@id\":\"https:\\\/\\\/art.if.com.tr\\\/?p=12463#breadcrumb\",\"itemListElement\":[{\"@type\":\"ListItem\",\"position\":1,\"name\":\"Anasayfa\",\"item\":\"https:\\\/\\\/art.if.com.tr\\\/\"},{\"@type\":\"ListItem\",\"position\":2,\"name\":\"4- Mehmet Sag\u0306bas\u0327 TR Akrilik 130&#215;100 ofis toplanti odasi id3\"}]},{\"@type\":\"WebSite\",\"@id\":\"https:\\\/\\\/art.if.com.tr\\\/#website\",\"url\":\"https:\\\/\\\/art.if.com.tr\\\/\",\"name\":\"Emel - Orhan Karado\u011fan Koleksiyonu\",\"description\":\"\",\"publisher\":{\"@id\":\"https:\\\/\\\/art.if.com.tr\\\/#organization\"},\"potentialAction\":[{\"@type\":\"SearchAction\",\"target\":{\"@type\":\"EntryPoint\",\"urlTemplate\":\"https:\\\/\\\/art.if.com.tr\\\/?s={search_term_string}\"},\"query-input\":{\"@type\":\"PropertyValueSpecification\",\"valueRequired\":true,\"valueName\":\"search_term_string\"}}],\"inLanguage\":\"tr\"},{\"@type\":\"Organization\",\"@id\":\"https:\\\/\\\/art.if.com.tr\\\/#organization\",\"name\":\"Emel - Orhan Karado\u011fan Koleksiyonu\",\"url\":\"https:\\\/\\\/art.if.com.tr\\\/\",\"logo\":{\"@type\":\"ImageObject\",\"inLanguage\":\"tr\",\"@id\":\"https:\\\/\\\/art.if.com.tr\\\/#\\\/schema\\\/logo\\\/image\\\/\",\"url\":\"https:\\\/\\\/art.if.com.tr\\\/wp-content\\\/uploads\\\/2022\\\/07\\\/150x150-iF-Art-logo-e1658997012336.png\",\"contentUrl\":\"https:\\\/\\\/art.if.com.tr\\\/wp-content\\\/uploads\\\/2022\\\/07\\\/150x150-iF-Art-logo-e1658997012336.png\",\"width\":150,\"height\":118,\"caption\":\"Emel - Orhan Karado\u011fan Koleksiyonu\"},\"image\":{\"@id\":\"https:\\\/\\\/art.if.com.tr\\\/#\\\/schema\\\/logo\\\/image\\\/\"}},{\"@type\":\"Person\",\"@id\":\"https:\\\/\\\/art.if.com.tr\\\/#\\\/schema\\\/person\\\/c237745ac4bb942c37ca120be6e48920\",\"name\":\"artifcomtr\",\"url\":\"https:\\\/\\\/art.if.com.tr\\\/?author=1\"}]}<\/script>\n<!-- \/ Yoast SEO plugin. -->","yoast_head_json":{"title":"4- Mehmet Sag\u0306bas\u0327 TR Akrilik 130x100 ofis toplanti odasi id3 - Emel - Orhan Karado\u011fan Koleksiyonu","robots":{"index":"index","follow":"follow","max-snippet":"max-snippet:-1","max-image-preview":"max-image-preview:large","max-video-preview":"max-video-preview:-1"},"canonical":"https:\/\/art.if.com.tr\/?p=12463","og_locale":"tr_TR","og_type":"article","og_title":"4- Mehmet Sag\u0306bas\u0327 TR Akrilik 130x100 ofis toplanti odasi id3 - Emel - Orhan Karado\u011fan Koleksiyonu","og_url":"https:\/\/art.if.com.tr\/?p=12463","og_site_name":"Emel - Orhan Karado\u011fan Koleksiyonu","article_published_time":"2022-06-02T17:23:30+00:00","article_modified_time":"2022-06-24T20:03:55+00:00","og_image":[{"width":370,"height":479,"url":"https:\/\/art.if.com.tr\/wp-content\/uploads\/2022\/06\/Mehmet-Sag\u0306bas\u0327-TR-Akrilik-130x100-ofis-toplanti-odasi-id3-e1658739697710.jpg","type":"image\/jpeg"}],"author":"artifcomtr","twitter_card":"summary_large_image","twitter_misc":{"Yazan:":"artifcomtr"},"schema":{"@context":"https:\/\/schema.org","@graph":[{"@type":"Article","@id":"https:\/\/art.if.com.tr\/?p=12463#article","isPartOf":{"@id":"https:\/\/art.if.com.tr\/?p=12463"},"author":{"name":"artifcomtr","@id":"https:\/\/art.if.com.tr\/#\/schema\/person\/c237745ac4bb942c37ca120be6e48920"},"headline":"4- Mehmet Sag\u0306bas\u0327 TR Akrilik 130&#215;100 ofis toplanti odasi id3","datePublished":"2022-06-02T17:23:30+00:00","dateModified":"2022-06-24T20:03:55+00:00","mainEntityOfPage":{"@id":"https:\/\/art.if.com.tr\/?p=12463"},"wordCount":11,"publisher":{"@id":"https:\/\/art.if.com.tr\/#organization"},"image":{"@id":"https:\/\/art.if.com.tr\/?p=12463#primaryimage"},"thumbnailUrl":"https:\/\/art.if.com.tr\/wp-content\/uploads\/2022\/06\/Mehmet-Sag\u0306bas\u0327-TR-Akrilik-130x100-ofis-toplanti-odasi-id3-e1658739697710.jpg","keywords":["Akrilik","Ka\u011f\u0131t"],"articleSection":["Eser Tipi","Eserler","M","Mehmet Sa\u011fba\u015f","Men\u015fe","Ofis","Tablo","T\u00fcrkiye","Yerle\u015fke"],"inLanguage":"tr"},{"@type":"WebPage","@id":"https:\/\/art.if.com.tr\/?p=12463","url":"https:\/\/art.if.com.tr\/?p=12463","name":"4- Mehmet Sag\u0306bas\u0327 TR Akrilik 130x100 ofis toplanti odasi id3 - Emel - Orhan Karado\u011fan Koleksiyonu","isPartOf":{"@id":"https:\/\/art.if.com.tr\/#website"},"primaryImageOfPage":{"@id":"https:\/\/art.if.com.tr\/?p=12463#primaryimage"},"image":{"@id":"https:\/\/art.if.com.tr\/?p=12463#primaryimage"},"thumbnailUrl":"https:\/\/art.if.com.tr\/wp-content\/uploads\/2022\/06\/Mehmet-Sag\u0306bas\u0327-TR-Akrilik-130x100-ofis-toplanti-odasi-id3-e1658739697710.jpg","datePublished":"2022-06-02T17:23:30+00:00","dateModified":"2022-06-24T20:03:55+00:00","breadcrumb":{"@id":"https:\/\/art.if.com.tr\/?p=12463#breadcrumb"},"inLanguage":"tr","potentialAction":[{"@type":"ReadAction","target":["https:\/\/art.if.com.tr\/?p=12463"]}]},{"@type":"ImageObject","inLanguage":"tr","@id":"https:\/\/art.if.com.tr\/?p=12463#primaryimage","url":"https:\/\/art.if.com.tr\/wp-content\/uploads\/2022\/06\/Mehmet-Sag\u0306bas\u0327-TR-Akrilik-130x100-ofis-toplanti-odasi-id3-e1658739697710.jpg","contentUrl":"https:\/\/art.if.com.tr\/wp-content\/uploads\/2022\/06\/Mehmet-Sag\u0306bas\u0327-TR-Akrilik-130x100-ofis-toplanti-odasi-id3-e1658739697710.jpg","width":370,"height":479},{"@type":"BreadcrumbList","@id":"https:\/\/art.if.com.tr\/?p=12463#breadcrumb","itemListElement":[{"@type":"ListItem","position":1,"name":"Anasayfa","item":"https:\/\/art.if.com.tr\/"},{"@type":"ListItem","position":2,"name":"4- Mehmet Sag\u0306bas\u0327 TR Akrilik 130&#215;100 ofis toplanti odasi id3"}]},{"@type":"WebSite","@id":"https:\/\/art.if.com.tr\/#website","url":"https:\/\/art.if.com.tr\/","name":"Emel - Orhan Karado\u011fan Koleksiyonu","description":"","publisher":{"@id":"https:\/\/art.if.com.tr\/#organization"},"potentialAction":[{"@type":"SearchAction","target":{"@type":"EntryPoint","urlTemplate":"https:\/\/art.if.com.tr\/?s={search_term_string}"},"query-input":{"@type":"PropertyValueSpecification","valueRequired":true,"valueName":"search_term_string"}}],"inLanguage":"tr"},{"@type":"Organization","@id":"https:\/\/art.if.com.tr\/#organization","name":"Emel - Orhan Karado\u011fan Koleksiyonu","url":"https:\/\/art.if.com.tr\/","logo":{"@type":"ImageObject","inLanguage":"tr","@id":"https:\/\/art.if.com.tr\/#\/schema\/logo\/image\/","url":"https:\/\/art.if.com.tr\/wp-content\/uploads\/2022\/07\/150x150-iF-Art-logo-e1658997012336.png","contentUrl":"https:\/\/art.if.com.tr\/wp-content\/uploads\/2022\/07\/150x150-iF-Art-logo-e1658997012336.png","width":150,"height":118,"caption":"Emel - Orhan Karado\u011fan Koleksiyonu"},"image":{"@id":"https:\/\/art.if.com.tr\/#\/schema\/logo\/image\/"}},{"@type":"Person","@id":"https:\/\/art.if.com.tr\/#\/schema\/person\/c237745ac4bb942c37ca120be6e48920","name":"artifcomtr","url":"https:\/\/art.if.com.tr\/?author=1"}]}},"_links":{"self":[{"href":"https:\/\/art.if.com.tr\/index.php?rest_route=\/wp\/v2\/posts\/12463","targetHints":{"allow":["GET"]}}],"collection":[{"href":"https:\/\/art.if.com.tr\/index.php?rest_route=\/wp\/v2\/posts"}],"about":[{"href":"https:\/\/art.if.com.tr\/index.php?rest_route=\/wp\/v2\/types\/post"}],"author":[{"embeddable":true,"href":"https:\/\/art.if.com.tr\/index.php?rest_route=\/wp\/v2\/users\/1"}],"replies":[{"embeddable":true,"href":"https:\/\/art.if.com.tr\/index.php?rest_route=%2Fwp%2Fv2%2Fcomments&post=12463"}],"version-history":[{"count":1,"href":"https:\/\/art.if.com.tr\/index.php?rest_route=\/wp\/v2\/posts\/12463\/revisions"}],"predecessor-version":[{"id":19359,"href":"https:\/\/art.if.com.tr\/index.php?rest_route=\/wp\/v2\/posts\/12463\/revisions\/19359"}],"wp:featuredmedia":[{"embeddable":true,"href":"https:\/\/art.if.com.tr\/index.php?rest_route=\/wp\/v2\/media\/12461"}],"wp:attachment":[{"href":"https:\/\/art.if.com.tr\/index.php?rest_route=%2Fwp%2Fv2%2Fmedia&parent=12463"}],"wp:term":[{"taxonomy":"category","embeddable":true,"href":"https:\/\/art.if.com.tr\/index.php?rest_route=%2Fwp%2Fv2%2Fcategories&post=12463"},{"taxonomy":"post_tag","embeddable":true,"href":"https:\/\/art.if.com.tr\/index.php?rest_route=%2Fwp%2Fv2%2Ftags&post=12463"}],"curies":[{"name":"wp","href":"https:\/\/api.w.org\/{rel}","templated":true}]}}