{"id":11662,"date":"2022-05-31T23:34:50","date_gmt":"2022-05-31T20:34:50","guid":{"rendered":"https:\/\/art.if.com.tr\/?p=11662"},"modified":"2022-06-24T12:41:33","modified_gmt":"2022-06-24T09:41:33","slug":"ercan-gu%cc%88len-tr-gravu%cc%88r-60x70-ankara-ofis-oda-1-id2","status":"publish","type":"post","link":"https:\/\/art.if.com.tr\/?p=11662","title":{"rendered":"8- Ercan Gu\u0308len TR Gravu\u0308r 60&#215;70 Ankara Ofis Oda 1 id2"},"content":{"rendered":"","protected":false},"excerpt":{"rendered":"","protected":false},"author":1,"featured_media":11660,"comment_status":"closed","ping_status":"closed","sticky":false,"template":"","format":"standard","meta":{"footnotes":""},"categories":[40,519,78,75,144,83,79,145,82],"tags":[154],"class_list":["post-11662","post","type-post","status-publish","format-standard","has-post-thumbnail","hentry","category-e","category-ercan-gulen","category-eser","category-eserler","category-mense","category-ofis","category-tablo","category-turkiye","category-yerleske","tag-gravur"],"yoast_head":"<!-- This site is optimized with the Yoast SEO plugin v27.5 - https:\/\/yoast.com\/product\/yoast-seo-wordpress\/ -->\n<title>8- Ercan Gu\u0308len TR Gravu\u0308r 60x70 Ankara Ofis Oda 1 id2 - Emel - Orhan Karado\u011fan Koleksiyonu<\/title>\n<meta name=\"robots\" content=\"index, follow, max-snippet:-1, max-image-preview:large, max-video-preview:-1\" \/>\n<link rel=\"canonical\" href=\"https:\/\/art.if.com.tr\/?p=11662\" \/>\n<meta property=\"og:locale\" content=\"tr_TR\" \/>\n<meta property=\"og:type\" content=\"article\" \/>\n<meta property=\"og:title\" content=\"8- Ercan Gu\u0308len TR Gravu\u0308r 60x70 Ankara Ofis Oda 1 id2 - Emel - Orhan Karado\u011fan Koleksiyonu\" \/>\n<meta property=\"og:url\" content=\"https:\/\/art.if.com.tr\/?p=11662\" \/>\n<meta property=\"og:site_name\" content=\"Emel - Orhan Karado\u011fan Koleksiyonu\" \/>\n<meta property=\"article:published_time\" content=\"2022-05-31T20:34:50+00:00\" \/>\n<meta property=\"article:modified_time\" content=\"2022-06-24T09:41:33+00:00\" \/>\n<meta property=\"og:image\" content=\"https:\/\/art.if.com.tr\/wp-content\/uploads\/2022\/05\/Ercan-Gu\u0308len-TR-Gravu\u0308r-60x70-Ankara-Ofis-Oda-1-id2-e1658918952596.jpg\" \/>\n\t<meta property=\"og:image:width\" content=\"406\" \/>\n\t<meta property=\"og:image:height\" content=\"479\" \/>\n\t<meta property=\"og:image:type\" content=\"image\/jpeg\" \/>\n<meta name=\"author\" content=\"artifcomtr\" \/>\n<meta name=\"twitter:card\" content=\"summary_large_image\" \/>\n<meta name=\"twitter:label1\" content=\"Yazan:\" \/>\n\t<meta name=\"twitter:data1\" content=\"artifcomtr\" \/>\n<script type=\"application\/ld+json\" class=\"yoast-schema-graph\">{\"@context\":\"https:\\\/\\\/schema.org\",\"@graph\":[{\"@type\":\"Article\",\"@id\":\"https:\\\/\\\/art.if.com.tr\\\/?p=11662#article\",\"isPartOf\":{\"@id\":\"https:\\\/\\\/art.if.com.tr\\\/?p=11662\"},\"author\":{\"name\":\"artifcomtr\",\"@id\":\"https:\\\/\\\/art.if.com.tr\\\/#\\\/schema\\\/person\\\/c237745ac4bb942c37ca120be6e48920\"},\"headline\":\"8- Ercan Gu\u0308len TR Gravu\u0308r 60&#215;70 Ankara Ofis Oda 1 id2\",\"datePublished\":\"2022-05-31T20:34:50+00:00\",\"dateModified\":\"2022-06-24T09:41:33+00:00\",\"mainEntityOfPage\":{\"@id\":\"https:\\\/\\\/art.if.com.tr\\\/?p=11662\"},\"wordCount\":12,\"publisher\":{\"@id\":\"https:\\\/\\\/art.if.com.tr\\\/#organization\"},\"image\":{\"@id\":\"https:\\\/\\\/art.if.com.tr\\\/?p=11662#primaryimage\"},\"thumbnailUrl\":\"https:\\\/\\\/art.if.com.tr\\\/wp-content\\\/uploads\\\/2022\\\/05\\\/Ercan-Gu\u0308len-TR-Gravu\u0308r-60x70-Ankara-Ofis-Oda-1-id2-e1658918952596.jpg\",\"keywords\":[\"Grav\u00fcr\"],\"articleSection\":[\"E\",\"Ercan G\u00fclen\",\"Eser Tipi\",\"Eserler\",\"Men\u015fe\",\"Ofis\",\"Tablo\",\"T\u00fcrkiye\",\"Yerle\u015fke\"],\"inLanguage\":\"tr\"},{\"@type\":\"WebPage\",\"@id\":\"https:\\\/\\\/art.if.com.tr\\\/?p=11662\",\"url\":\"https:\\\/\\\/art.if.com.tr\\\/?p=11662\",\"name\":\"8- Ercan Gu\u0308len TR Gravu\u0308r 60x70 Ankara Ofis Oda 1 id2 - Emel - Orhan Karado\u011fan Koleksiyonu\",\"isPartOf\":{\"@id\":\"https:\\\/\\\/art.if.com.tr\\\/#website\"},\"primaryImageOfPage\":{\"@id\":\"https:\\\/\\\/art.if.com.tr\\\/?p=11662#primaryimage\"},\"image\":{\"@id\":\"https:\\\/\\\/art.if.com.tr\\\/?p=11662#primaryimage\"},\"thumbnailUrl\":\"https:\\\/\\\/art.if.com.tr\\\/wp-content\\\/uploads\\\/2022\\\/05\\\/Ercan-Gu\u0308len-TR-Gravu\u0308r-60x70-Ankara-Ofis-Oda-1-id2-e1658918952596.jpg\",\"datePublished\":\"2022-05-31T20:34:50+00:00\",\"dateModified\":\"2022-06-24T09:41:33+00:00\",\"breadcrumb\":{\"@id\":\"https:\\\/\\\/art.if.com.tr\\\/?p=11662#breadcrumb\"},\"inLanguage\":\"tr\",\"potentialAction\":[{\"@type\":\"ReadAction\",\"target\":[\"https:\\\/\\\/art.if.com.tr\\\/?p=11662\"]}]},{\"@type\":\"ImageObject\",\"inLanguage\":\"tr\",\"@id\":\"https:\\\/\\\/art.if.com.tr\\\/?p=11662#primaryimage\",\"url\":\"https:\\\/\\\/art.if.com.tr\\\/wp-content\\\/uploads\\\/2022\\\/05\\\/Ercan-Gu\u0308len-TR-Gravu\u0308r-60x70-Ankara-Ofis-Oda-1-id2-e1658918952596.jpg\",\"contentUrl\":\"https:\\\/\\\/art.if.com.tr\\\/wp-content\\\/uploads\\\/2022\\\/05\\\/Ercan-Gu\u0308len-TR-Gravu\u0308r-60x70-Ankara-Ofis-Oda-1-id2-e1658918952596.jpg\",\"width\":406,\"height\":479},{\"@type\":\"BreadcrumbList\",\"@id\":\"https:\\\/\\\/art.if.com.tr\\\/?p=11662#breadcrumb\",\"itemListElement\":[{\"@type\":\"ListItem\",\"position\":1,\"name\":\"Anasayfa\",\"item\":\"https:\\\/\\\/art.if.com.tr\\\/\"},{\"@type\":\"ListItem\",\"position\":2,\"name\":\"8- Ercan Gu\u0308len TR Gravu\u0308r 60&#215;70 Ankara Ofis Oda 1 id2\"}]},{\"@type\":\"WebSite\",\"@id\":\"https:\\\/\\\/art.if.com.tr\\\/#website\",\"url\":\"https:\\\/\\\/art.if.com.tr\\\/\",\"name\":\"Emel - Orhan Karado\u011fan Koleksiyonu\",\"description\":\"\",\"publisher\":{\"@id\":\"https:\\\/\\\/art.if.com.tr\\\/#organization\"},\"potentialAction\":[{\"@type\":\"SearchAction\",\"target\":{\"@type\":\"EntryPoint\",\"urlTemplate\":\"https:\\\/\\\/art.if.com.tr\\\/?s={search_term_string}\"},\"query-input\":{\"@type\":\"PropertyValueSpecification\",\"valueRequired\":true,\"valueName\":\"search_term_string\"}}],\"inLanguage\":\"tr\"},{\"@type\":\"Organization\",\"@id\":\"https:\\\/\\\/art.if.com.tr\\\/#organization\",\"name\":\"Emel - Orhan Karado\u011fan Koleksiyonu\",\"url\":\"https:\\\/\\\/art.if.com.tr\\\/\",\"logo\":{\"@type\":\"ImageObject\",\"inLanguage\":\"tr\",\"@id\":\"https:\\\/\\\/art.if.com.tr\\\/#\\\/schema\\\/logo\\\/image\\\/\",\"url\":\"https:\\\/\\\/art.if.com.tr\\\/wp-content\\\/uploads\\\/2022\\\/07\\\/150x150-iF-Art-logo-e1658997012336.png\",\"contentUrl\":\"https:\\\/\\\/art.if.com.tr\\\/wp-content\\\/uploads\\\/2022\\\/07\\\/150x150-iF-Art-logo-e1658997012336.png\",\"width\":150,\"height\":118,\"caption\":\"Emel - Orhan Karado\u011fan Koleksiyonu\"},\"image\":{\"@id\":\"https:\\\/\\\/art.if.com.tr\\\/#\\\/schema\\\/logo\\\/image\\\/\"}},{\"@type\":\"Person\",\"@id\":\"https:\\\/\\\/art.if.com.tr\\\/#\\\/schema\\\/person\\\/c237745ac4bb942c37ca120be6e48920\",\"name\":\"artifcomtr\",\"url\":\"https:\\\/\\\/art.if.com.tr\\\/?author=1\"}]}<\/script>\n<!-- \/ Yoast SEO plugin. -->","yoast_head_json":{"title":"8- Ercan Gu\u0308len TR Gravu\u0308r 60x70 Ankara Ofis Oda 1 id2 - Emel - Orhan Karado\u011fan Koleksiyonu","robots":{"index":"index","follow":"follow","max-snippet":"max-snippet:-1","max-image-preview":"max-image-preview:large","max-video-preview":"max-video-preview:-1"},"canonical":"https:\/\/art.if.com.tr\/?p=11662","og_locale":"tr_TR","og_type":"article","og_title":"8- Ercan Gu\u0308len TR Gravu\u0308r 60x70 Ankara Ofis Oda 1 id2 - Emel - Orhan Karado\u011fan Koleksiyonu","og_url":"https:\/\/art.if.com.tr\/?p=11662","og_site_name":"Emel - Orhan Karado\u011fan Koleksiyonu","article_published_time":"2022-05-31T20:34:50+00:00","article_modified_time":"2022-06-24T09:41:33+00:00","og_image":[{"width":406,"height":479,"url":"https:\/\/art.if.com.tr\/wp-content\/uploads\/2022\/05\/Ercan-Gu\u0308len-TR-Gravu\u0308r-60x70-Ankara-Ofis-Oda-1-id2-e1658918952596.jpg","type":"image\/jpeg"}],"author":"artifcomtr","twitter_card":"summary_large_image","twitter_misc":{"Yazan:":"artifcomtr"},"schema":{"@context":"https:\/\/schema.org","@graph":[{"@type":"Article","@id":"https:\/\/art.if.com.tr\/?p=11662#article","isPartOf":{"@id":"https:\/\/art.if.com.tr\/?p=11662"},"author":{"name":"artifcomtr","@id":"https:\/\/art.if.com.tr\/#\/schema\/person\/c237745ac4bb942c37ca120be6e48920"},"headline":"8- Ercan Gu\u0308len TR Gravu\u0308r 60&#215;70 Ankara Ofis Oda 1 id2","datePublished":"2022-05-31T20:34:50+00:00","dateModified":"2022-06-24T09:41:33+00:00","mainEntityOfPage":{"@id":"https:\/\/art.if.com.tr\/?p=11662"},"wordCount":12,"publisher":{"@id":"https:\/\/art.if.com.tr\/#organization"},"image":{"@id":"https:\/\/art.if.com.tr\/?p=11662#primaryimage"},"thumbnailUrl":"https:\/\/art.if.com.tr\/wp-content\/uploads\/2022\/05\/Ercan-Gu\u0308len-TR-Gravu\u0308r-60x70-Ankara-Ofis-Oda-1-id2-e1658918952596.jpg","keywords":["Grav\u00fcr"],"articleSection":["E","Ercan G\u00fclen","Eser Tipi","Eserler","Men\u015fe","Ofis","Tablo","T\u00fcrkiye","Yerle\u015fke"],"inLanguage":"tr"},{"@type":"WebPage","@id":"https:\/\/art.if.com.tr\/?p=11662","url":"https:\/\/art.if.com.tr\/?p=11662","name":"8- Ercan Gu\u0308len TR Gravu\u0308r 60x70 Ankara Ofis Oda 1 id2 - Emel - Orhan Karado\u011fan Koleksiyonu","isPartOf":{"@id":"https:\/\/art.if.com.tr\/#website"},"primaryImageOfPage":{"@id":"https:\/\/art.if.com.tr\/?p=11662#primaryimage"},"image":{"@id":"https:\/\/art.if.com.tr\/?p=11662#primaryimage"},"thumbnailUrl":"https:\/\/art.if.com.tr\/wp-content\/uploads\/2022\/05\/Ercan-Gu\u0308len-TR-Gravu\u0308r-60x70-Ankara-Ofis-Oda-1-id2-e1658918952596.jpg","datePublished":"2022-05-31T20:34:50+00:00","dateModified":"2022-06-24T09:41:33+00:00","breadcrumb":{"@id":"https:\/\/art.if.com.tr\/?p=11662#breadcrumb"},"inLanguage":"tr","potentialAction":[{"@type":"ReadAction","target":["https:\/\/art.if.com.tr\/?p=11662"]}]},{"@type":"ImageObject","inLanguage":"tr","@id":"https:\/\/art.if.com.tr\/?p=11662#primaryimage","url":"https:\/\/art.if.com.tr\/wp-content\/uploads\/2022\/05\/Ercan-Gu\u0308len-TR-Gravu\u0308r-60x70-Ankara-Ofis-Oda-1-id2-e1658918952596.jpg","contentUrl":"https:\/\/art.if.com.tr\/wp-content\/uploads\/2022\/05\/Ercan-Gu\u0308len-TR-Gravu\u0308r-60x70-Ankara-Ofis-Oda-1-id2-e1658918952596.jpg","width":406,"height":479},{"@type":"BreadcrumbList","@id":"https:\/\/art.if.com.tr\/?p=11662#breadcrumb","itemListElement":[{"@type":"ListItem","position":1,"name":"Anasayfa","item":"https:\/\/art.if.com.tr\/"},{"@type":"ListItem","position":2,"name":"8- Ercan Gu\u0308len TR Gravu\u0308r 60&#215;70 Ankara Ofis Oda 1 id2"}]},{"@type":"WebSite","@id":"https:\/\/art.if.com.tr\/#website","url":"https:\/\/art.if.com.tr\/","name":"Emel - Orhan Karado\u011fan Koleksiyonu","description":"","publisher":{"@id":"https:\/\/art.if.com.tr\/#organization"},"potentialAction":[{"@type":"SearchAction","target":{"@type":"EntryPoint","urlTemplate":"https:\/\/art.if.com.tr\/?s={search_term_string}"},"query-input":{"@type":"PropertyValueSpecification","valueRequired":true,"valueName":"search_term_string"}}],"inLanguage":"tr"},{"@type":"Organization","@id":"https:\/\/art.if.com.tr\/#organization","name":"Emel - Orhan Karado\u011fan Koleksiyonu","url":"https:\/\/art.if.com.tr\/","logo":{"@type":"ImageObject","inLanguage":"tr","@id":"https:\/\/art.if.com.tr\/#\/schema\/logo\/image\/","url":"https:\/\/art.if.com.tr\/wp-content\/uploads\/2022\/07\/150x150-iF-Art-logo-e1658997012336.png","contentUrl":"https:\/\/art.if.com.tr\/wp-content\/uploads\/2022\/07\/150x150-iF-Art-logo-e1658997012336.png","width":150,"height":118,"caption":"Emel - Orhan Karado\u011fan Koleksiyonu"},"image":{"@id":"https:\/\/art.if.com.tr\/#\/schema\/logo\/image\/"}},{"@type":"Person","@id":"https:\/\/art.if.com.tr\/#\/schema\/person\/c237745ac4bb942c37ca120be6e48920","name":"artifcomtr","url":"https:\/\/art.if.com.tr\/?author=1"}]}},"_links":{"self":[{"href":"https:\/\/art.if.com.tr\/index.php?rest_route=\/wp\/v2\/posts\/11662","targetHints":{"allow":["GET"]}}],"collection":[{"href":"https:\/\/art.if.com.tr\/index.php?rest_route=\/wp\/v2\/posts"}],"about":[{"href":"https:\/\/art.if.com.tr\/index.php?rest_route=\/wp\/v2\/types\/post"}],"author":[{"embeddable":true,"href":"https:\/\/art.if.com.tr\/index.php?rest_route=\/wp\/v2\/users\/1"}],"replies":[{"embeddable":true,"href":"https:\/\/art.if.com.tr\/index.php?rest_route=%2Fwp%2Fv2%2Fcomments&post=11662"}],"version-history":[{"count":2,"href":"https:\/\/art.if.com.tr\/index.php?rest_route=\/wp\/v2\/posts\/11662\/revisions"}],"predecessor-version":[{"id":17850,"href":"https:\/\/art.if.com.tr\/index.php?rest_route=\/wp\/v2\/posts\/11662\/revisions\/17850"}],"wp:featuredmedia":[{"embeddable":true,"href":"https:\/\/art.if.com.tr\/index.php?rest_route=\/wp\/v2\/media\/11660"}],"wp:attachment":[{"href":"https:\/\/art.if.com.tr\/index.php?rest_route=%2Fwp%2Fv2%2Fmedia&parent=11662"}],"wp:term":[{"taxonomy":"category","embeddable":true,"href":"https:\/\/art.if.com.tr\/index.php?rest_route=%2Fwp%2Fv2%2Fcategories&post=11662"},{"taxonomy":"post_tag","embeddable":true,"href":"https:\/\/art.if.com.tr\/index.php?rest_route=%2Fwp%2Fv2%2Ftags&post=11662"}],"curies":[{"name":"wp","href":"https:\/\/api.w.org\/{rel}","templated":true}]}}